{"id":2707,"date":"2023-04-29T00:00:00","date_gmt":"2023-04-29T03:00:00","guid":{"rendered":"http:\/\/catolicanet.net\/wp-cnet\/santa-catarina-de-sena\/"},"modified":"2023-01-02T18:55:38","modified_gmt":"2023-01-02T21:55:38","slug":"santa-catarina-de-sena","status":"publish","type":"post","link":"https:\/\/catolicanet.net\/wp-cnet\/santa-catarina-de-sena\/","title":{"rendered":"Santa Catarina de Sena"},"content":{"rendered":"<p style=\"text-align: justify;\">Hoje comemoramos Santa Catarina de Sena, precisamos prestar aten\u00e7\u00e3o para n\u00e3o fazermos confus\u00e3o, pois temos pelo menos tr\u00eas santas com o mesmo nome e que merecem igual aten\u00e7\u00e3o, por terem hist\u00f3rias de vida bel\u00edssimas e uma legi\u00e3o de devotos por todo mundo.<\/p>\n<p style=\"text-align: justify;\"><span style=\"line-height: 1.3em;\">Santa Catarina de Sena, nasceu em Sena no dia 25 de mar\u00e7o do ano 1347, filha de um tintureiro e de m\u00e3e muito amorosa. Seus pais eram pobres e toda heran\u00e7a que deixaram para ela era uma educa\u00e7\u00e3o r\u00edgida que valorizassem as virtudes do ser humano e a regesse para uma vida fiel a Deus. Era aplicada nos estudos e sempre preferia se isolar para rezar do que brincar com as outras crian\u00e7as.<\/span><\/p>\n<p style=\"text-align: justify;\"><span style=\"line-height: 1.3em;\">Aos 15 anos de idade, Catarina ingressou na Ordem Terceira de S\u00e3o Domingos. Viveu um amor apaixonado por Deus e pelo pr\u00f3ximo. Encerrou-se em uma cela e durante muitos anos s\u00f3 se dirigiu a Deus e a seu confessor. Orava o dia inteiro e seu quarto se iluminava de uma estranha luz a cada vez que ela se entregava com fervor \u00e0s suas ora\u00e7\u00f5es. Abandonou sua cela somente em 1374, quando a peste se alastrou por toda a Europa e ela decidiu cuidar dos enfermos e foi muito admirada e querida principalmente pelos italianos.<\/span><\/p>\n<p style=\"text-align: justify;\"><span style=\"line-height: 1.3em;\">No ano 1376, quando grupos antipapas se organizaram nas cidades de Peruggia, Floren\u00e7a, Pisa e Tosc\u00e2nia decidiram se posicionar contra o papa S\u00e3o Gregorio XI, Santa Catarina decidiu seguir at\u00e9 Avinh\u00e3o, cidade onde o papa se encontrava escondido, e apresenttar-se diante do mesmo para ajud\u00e1-lo. Regressou em 1378, indo direto para sua cela e continuar sua vida isolada.<\/span><\/p>\n<p style=\"text-align: justify;\"><span style=\"line-height: 1.3em;\">Lutou ardorosamente pela restaura\u00e7\u00e3o da paz politica. Embora analfabeta, ditava suas cartas endere\u00e7adas aos papas, aos reis e l\u00edderes, como tamb\u00e9m ao povo humilde.<\/span><\/p>\n<p style=\"text-align: justify;\">Deixou-nos o Di\u00e1logo sobre a Divina Provid\u00eancia, uma exposi\u00e7\u00e3o clara de suas id\u00e9ias teol\u00f3gicas e de sua m\u00edstica, o que coloca Santa Catarina de Sena entre os Doutores da Igreja.<\/p>\n<p style=\"text-align: justify;\"><span style=\"line-height: 1.3em;\">Santa Catarina de Sena morreu no dia 29 de abril do ano 1380,com 33 anos de idade.<\/span><\/p>\n<div><span style=\"line-height: 1.3em;\">\u00a0<\/span><\/div>\n","protected":false},"excerpt":{"rendered":"<p>Hoje comemoramos Santa Catarina de Sena, precisamos prestar aten\u00e7\u00e3o para n\u00e3o fazermos confus\u00e3o, pois temos pelo menos tr\u00eas santas com o mesmo nome e que merecem igual aten\u00e7\u00e3o, por terem hist\u00f3rias de vida bel\u00edssimas e uma legi\u00e3o de devotos por todo mundo. Santa Catarina de Sena, nasceu em Sena no dia 25 de mar\u00e7o do [&hellip;]<\/p>\n","protected":false},"author":1,"featured_media":22215,"comment_status":"closed","ping_status":"closed","sticky":false,"template":"","format":"standard","meta":{"footnotes":""},"categories":[32],"tags":[],"class_list":["post-2707","post","type-post","status-publish","format-standard","has-post-thumbnail","hentry","category-santo-do-dia"],"_links":{"self":[{"href":"https:\/\/catolicanet.net\/wp-cnet\/wp-json\/wp\/v2\/posts\/2707","targetHints":{"allow":["GET"]}}],"collection":[{"href":"https:\/\/catolicanet.net\/wp-cnet\/wp-json\/wp\/v2\/posts"}],"about":[{"href":"https:\/\/catolicanet.net\/wp-cnet\/wp-json\/wp\/v2\/types\/post"}],"author":[{"embeddable":true,"href":"https:\/\/catolicanet.net\/wp-cnet\/wp-json\/wp\/v2\/users\/1"}],"replies":[{"embeddable":true,"href":"https:\/\/catolicanet.net\/wp-cnet\/wp-json\/wp\/v2\/comments?post=2707"}],"version-history":[{"count":3,"href":"https:\/\/catolicanet.net\/wp-cnet\/wp-json\/wp\/v2\/posts\/2707\/revisions"}],"predecessor-version":[{"id":22216,"href":"https:\/\/catolicanet.net\/wp-cnet\/wp-json\/wp\/v2\/posts\/2707\/revisions\/22216"}],"wp:featuredmedia":[{"embeddable":true,"href":"https:\/\/catolicanet.net\/wp-cnet\/wp-json\/wp\/v2\/media\/22215"}],"wp:attachment":[{"href":"https:\/\/catolicanet.net\/wp-cnet\/wp-json\/wp\/v2\/media?parent=2707"}],"wp:term":[{"taxonomy":"category","embeddable":true,"href":"https:\/\/catolicanet.net\/wp-cnet\/wp-json\/wp\/v2\/categories?post=2707"},{"taxonomy":"post_tag","embeddable":true,"href":"https:\/\/catolicanet.net\/wp-cnet\/wp-json\/wp\/v2\/tags?post=2707"}],"curies":[{"name":"wp","href":"https:\/\/api.w.org\/{rel}","templated":true}]}}