{"id":2695,"date":"2013-04-26T13:08:44","date_gmt":"2013-04-26T16:08:44","guid":{"rendered":"http:\/\/catolicanet.net\/wp-cnet\/ccm-prepara-curso-de-formacao-missionaria-com-enfoque-na-amazonia-para-o-mes-de-junho\/"},"modified":"2017-03-21T15:38:10","modified_gmt":"2017-03-21T18:38:10","slug":"ccm-prepara-curso-de-formacao-missionaria-com-enfoque-na-amazonia-para-o-mes-de-junho","status":"publish","type":"post","link":"https:\/\/catolicanet.net\/wp-cnet\/ccm-prepara-curso-de-formacao-missionaria-com-enfoque-na-amazonia-para-o-mes-de-junho\/","title":{"rendered":"CCM prepara curso de forma\u00e7\u00e3o mission\u00e1ria, com enfoque na Amaz\u00f4nia, para o m\u00eas de junho"},"content":{"rendered":"<p><p style=\"text-align: justify;\"><span style=\"line-height: 1.3em;\"><img decoding=\"async\" src=\"http:\/\/catolicanet.com.br\/images\/stories\/ccm2013.jpg\" border=\"0\" align=\"left\" \/>Est\u00e3o abertas as inscri\u00e7\u00f5es para o Curso de Forma\u00e7\u00e3o Mission\u00e1ria, com enfoque na Amaz\u00f4nia, que ser\u00e1 promovido pelo Centro Cultural Mission\u00e1rio (CCM) em Bras\u00edlia (DF) entre os dias 2 e 27 de junho. Os objetivos desse Curso s\u00e3o aprofundar as motiva\u00e7\u00f5es pessoais, a pr\u00f3pria compreens\u00e3o da miss\u00e3o, a vis\u00e3o dos desafios mission\u00e1rios, os fundamentos b\u00edblicos e teol\u00f3gicos; al\u00e9m de fornecer aos participantes referenciais te\u00f3ricos e pr\u00e1ticos para a a\u00e7\u00e3o mission\u00e1ria, recorrendo a v\u00e1rios tipos de media\u00e7\u00f5es interdisciplinares.<\/span><\/p>\n<p style=\"text-align: justify;\"><span style=\"line-height: 1.3em;\">O estudo \u00e9 uma parceria do Centro de Anima\u00e7\u00e3o e Estudos Mission\u00e1rios, Confer\u00eancia dos Religiosos do Brasil, Comiss\u00e3o Episcopal para Amaz\u00f4nia da CNBB, Instituto Superior de Filosofia Berthier. O p\u00fablico alvo s\u00e3o mission\u00e1rias e mission\u00e1rios prestes a serem enviados \u00e0 Amaz\u00f4nia, e tamb\u00e9m para agentes de pastoral que queiram se aprimorar nas tem\u00e1ticas relacionadas \u00e0 miss\u00e3o, para amadurecer uma eventual decis\u00e3o de elaborar caminhos e projetos junto \u00e0 pr\u00f3pria congrega\u00e7\u00e3o ou diocese.<\/span><\/p>\n<p style=\"text-align: justify;\"><span style=\"line-height: 1.3em;\">Realizado em regime de internato, o curso abordar\u00e1 nove dimens\u00f5es da miss\u00e3o: humano-afetiva, b\u00edblica, teol\u00f3gica, geogr\u00e1fica, hist\u00f3rica, antropol\u00f3gica, socioambiental, ecum\u00eanica e espiritual. A todos os participantes ser\u00e1 entregue no final do curso um certificado de extens\u00e3o universit\u00e1ria reconhecido pelo MEC. A inscri\u00e7\u00e3o \u00e9 feita pelo site: <a href=\"http:\/\/www.ccm.org.br\/paginas\/view\/id\/61\">www.ccm.org.br.<\/a><\/span><\/p><\/p>\n","protected":false},"excerpt":{"rendered":"<p>Est\u00e3o abertas as inscri\u00e7\u00f5es para o Curso de Forma\u00e7\u00e3o Mission\u00e1ria, com enfoque na Amaz\u00f4nia, que ser\u00e1 promovido pelo Centro Cultural Mission\u00e1rio (CCM) em Bras\u00edlia (DF) entre os dias 2 e 27 de junho. Os objetivos desse Curso s\u00e3o aprofundar as motiva\u00e7\u00f5es pessoais, a pr\u00f3pria compreens\u00e3o da miss\u00e3o, a vis\u00e3o dos desafios mission\u00e1rios, os fundamentos b\u00edblicos [&hellip;]<\/p>\n","protected":false},"author":1,"featured_media":0,"comment_status":"closed","ping_status":"closed","sticky":false,"template":"","format":"standard","meta":{"footnotes":""},"categories":[7],"tags":[],"class_list":["post-2695","post","type-post","status-publish","format-standard","hentry","category-cnbb"],"_links":{"self":[{"href":"https:\/\/catolicanet.net\/wp-cnet\/wp-json\/wp\/v2\/posts\/2695","targetHints":{"allow":["GET"]}}],"collection":[{"href":"https:\/\/catolicanet.net\/wp-cnet\/wp-json\/wp\/v2\/posts"}],"about":[{"href":"https:\/\/catolicanet.net\/wp-cnet\/wp-json\/wp\/v2\/types\/post"}],"author":[{"embeddable":true,"href":"https:\/\/catolicanet.net\/wp-cnet\/wp-json\/wp\/v2\/users\/1"}],"replies":[{"embeddable":true,"href":"https:\/\/catolicanet.net\/wp-cnet\/wp-json\/wp\/v2\/comments?post=2695"}],"version-history":[{"count":1,"href":"https:\/\/catolicanet.net\/wp-cnet\/wp-json\/wp\/v2\/posts\/2695\/revisions"}],"predecessor-version":[{"id":7100,"href":"https:\/\/catolicanet.net\/wp-cnet\/wp-json\/wp\/v2\/posts\/2695\/revisions\/7100"}],"wp:attachment":[{"href":"https:\/\/catolicanet.net\/wp-cnet\/wp-json\/wp\/v2\/media?parent=2695"}],"wp:term":[{"taxonomy":"category","embeddable":true,"href":"https:\/\/catolicanet.net\/wp-cnet\/wp-json\/wp\/v2\/categories?post=2695"},{"taxonomy":"post_tag","embeddable":true,"href":"https:\/\/catolicanet.net\/wp-cnet\/wp-json\/wp\/v2\/tags?post=2695"}],"curies":[{"name":"wp","href":"https:\/\/api.w.org\/{rel}","templated":true}]}}