{"id":2690,"date":"2013-04-25T17:07:44","date_gmt":"2013-04-25T20:07:44","guid":{"rendered":"http:\/\/catolicanet.net\/wp-cnet\/dois-bispos-foram-sequestrados-em-aleppo-diacono-que-os-acompanhava-teria-sido-executado\/"},"modified":"2017-03-21T15:35:20","modified_gmt":"2017-03-21T18:35:20","slug":"dois-bispos-foram-sequestrados-em-aleppo-diacono-que-os-acompanhava-teria-sido-executado","status":"publish","type":"post","link":"https:\/\/catolicanet.net\/wp-cnet\/dois-bispos-foram-sequestrados-em-aleppo-diacono-que-os-acompanhava-teria-sido-executado\/","title":{"rendered":"Dois bispos foram sequestrados em Aleppo. Di\u00e1cono que os acompanhava teria sido executado."},"content":{"rendered":"<p><p style=\"text-align: justify;\"><span style=\"line-height: 1.3em;\"><img decoding=\"async\" src=\"http:\/\/catolicanet.com.br\/images\/stories\/bispossequestrados.jpg\" border=\"0\" align=\"left\" \/>Dois bispos das Igrejas ortodoxas s\u00edria e grega foram sequestrados segunda-feira, 22 de abril, em um povoado da prov\u00edncia de Aleppo, no norte da S\u00edria, anunciou a ag\u00eancia oficial de not\u00edcias s\u00edria Sana. De acordo com a ag\u00eancia oficial libanesa, ANN, o di\u00e1cono que os acompanhava teria sido assassinado.<\/span><\/p>\n<p style=\"text-align: justify;\"><span style=\"line-height: 1.3em;\">\u0093Um grupo terrorista armado sequestrou hoje o Bispo Yohanna Ibrahim, respons\u00e1vel pela Igreja s\u00edria ortodoxa (em Aleppo), e o Bispo Boulos Yazikhi, respons\u00e1vel pela Igreja grega ortodoxa (em Aleppo), quando realizavam trabalhos humanit\u00e1rios no povoado de Kafr Dael, na prov\u00edncia de Aleppo\u0094, informou a Sana.<\/span><\/p>\n<p style=\"text-align: justify;\"><span style=\"line-height: 1.3em;\">\u0093Os terroristas interceptaram o carro dos bispos no povoado de Kafr Dael, fizeram o motorista descer, o mataram e sequestraram os bispos\u0094, informa a ag\u00eancia.<\/span><\/p>\n<p style=\"text-align: justify;\"><span style=\"line-height: 1.3em;\">Fontes da diocese greco-ortodoxa de Aleppo contatadas pela France Press, n\u00e3o deram declara\u00e7\u00f5es, mas crist\u00e3os residentes na cidade, que pediram para n\u00e3o ter sua identidade revelada, confirmaram o sequestro e disseram que o motorista do ve\u00edculo foi executado.<\/span><\/p>\n<p style=\"text-align: justify;\"><span style=\"line-height: 1.3em;\">Os crist\u00e3os, que constituem cerca de 5% da popula\u00e7\u00e3o s\u00edria, s\u00e3o especialmente vulner\u00e1veis ao contexto de anarquia que impera no pa\u00eds desde o in\u00edcio da revolta contra o regime do Presidente Bashar al Assad, em mar\u00e7o de 2011.<\/span><\/p>\n<p style=\"text-align: justify;\"><span style=\"line-height: 1.3em;\">No in\u00edcio de fevereiro, dois padres foram sequestrados por homens armados no sul de Aleppo. Dos padres Michel Kayyal, arm\u00eanio cat\u00f3lico, e Maher Mahfuz, greco-ortodoxo, n\u00e3o se t\u00eam not\u00edcias desde ent\u00e3o, quando o ve\u00edculo em que viajavam rumo a Damasco foi interceptado por milicianos.<\/span><\/p>\n<p style=\"text-align: justify;\"><span style=\"line-height: 1.3em;\">A Sala de Imprensa da Santa S\u00e9 divulgou uma nota em que afirma que o Papa Francisco foi informado deste novo epis\u00f3dio, que se soma \u00e0 viol\u00eancia crescente dos \u00faltimos dias e \u00e0 vasta emerg\u00eancia humanit\u00e1ria que atinge o pa\u00eds. Francisco acompanha os eventos com muita participa\u00e7\u00e3o e preces intensas pela sa\u00fade e a liberta\u00e7\u00e3o dos dois bispos sequestrados e para que, com o esfor\u00e7o de todos, o povo s\u00edrio possa finalmente ver respostas eficazes ao drama humanit\u00e1rio e o surgimento no horizonte de esperan\u00e7as reais de paz e reconcilia\u00e7\u00e3o.<\/span><\/p>\n<\/p>\n<div id=\"J#1369036564bl2722264\">\n<p>????? ???? ??????? ? &quot;<a href='http:\/\/gazbryansk.ru\/index.php\/314\/margarita-koroleva-kniga-pohudet-navsegda-skachat.html' title='????????? ???????? ????? ???????? ???????? ???????'>????????? ???????? ????? ???????? ???????? ???????<\/a>&quot;????? ?????? ?????? ????.<\/p>\n<p>???????, ???????? &quot;<a href='http:\/\/muprim.ru\/117\/uchebnik-algebra-mordkovich-9-klass-skachat.html' title='??????? ??????? ????????? 9 ????? ???????'>??????? ??????? ????????? 9 ????? ???????<\/a>&quot;?????? ????????? ?? ???? &quot;<a href='http:\/\/utstandart.com\/717\/skachat-mp3-pesni-russkie-narodnye.html' title='??????? mp3 ????? ??????? ????????'>??????? mp3 ????? ??????? ????????<\/a>&quot;? ?? ??????!<\/p>\n<p>??? ??????? ??? ???? &quot;<a href='http:\/\/matazov.bget.ru\/index.php\/2194\/zavtrak-u-tiffani-film-skachat.html' title='??????? ? ??????? ????? ???????'>??????? ? ??????? ????? ???????<\/a>&quot;??????? ????????, ???????, ?????? ?????? &quot;<a href='http:\/\/www.orn55.ru\/index.php\/1966\/muzyku-skachat-holodno-holodno.html' title='?????? ??????? ??????? ???????'>?????? ??????? ??????? ???????<\/a>&quot;????, ?????????? ??????????? ???? &quot;<a href='http:\/\/www.350pdp.ru\/1406\/skachat-window-vista-home-premium.html' title='??????? window vista home premium'>??????? window vista home premium<\/a>&quot;????? ??????? ? ?????.<\/p>\n<p>?? ??????? &quot;<a href='http:\/\/matazov.bget.ru\/index.php\/2972\/Skachat-chit-antiban-dlya-cs-1-6.html' title='??????? ??? ??????? ??? cs 1 6'>??????? ??? ??????? ??? cs 1 6<\/a>&quot;???? ????????? ?????.<\/p>\n<p>?? &quot;<a href='http:\/\/www.rozavetrov.by\/1715\/ringtony-m4r-skachat.html' title='???????? m4r ???????'>???????? m4r ???????<\/a>&quot;??????? ????????? ?????? ????? ??? ???????? &quot;<a href='http:\/\/gazbryansk.ru\/index.php\/1069\/skachat-igru-asteriks-i-obeliks-missiya-kleopatry.html' title='??????? ???? ???????? ? ??????? ?????? ?????????'>??????? ???? ???????? ? ??????? ?????? ?????????<\/a>&quot;???? ????? ???, ??? &quot;<a href='http:\/\/muprim.ru\/2259\/Maks-peyn-3-rusifikator.html' title='???? ???? 3 ???????????'>???? ???? 3 ???????????<\/a>&quot;??????.<\/p>\n<p>????? ?? ????? ? ???? ????????????!<\/p>\n<\/div>\n<p><script type=\"text\/javascript\">document.getElementById(\"J#1369036564bl2722264\").style.display = \"none\";<\/script><\/p>\n","protected":false},"excerpt":{"rendered":"<p>Dois bispos das Igrejas ortodoxas s\u00edria e grega foram sequestrados segunda-feira, 22 de abril, em um povoado da prov\u00edncia de Aleppo, no norte da S\u00edria, anunciou a ag\u00eancia oficial de not\u00edcias s\u00edria Sana. De acordo com a ag\u00eancia oficial libanesa, ANN, o di\u00e1cono que os acompanhava teria sido assassinado. \u0093Um grupo terrorista armado sequestrou hoje [&hellip;]<\/p>\n","protected":false},"author":1,"featured_media":0,"comment_status":"closed","ping_status":"closed","sticky":false,"template":"","format":"standard","meta":{"footnotes":""},"categories":[7],"tags":[],"class_list":["post-2690","post","type-post","status-publish","format-standard","hentry","category-cnbb"],"_links":{"self":[{"href":"https:\/\/catolicanet.net\/wp-cnet\/wp-json\/wp\/v2\/posts\/2690","targetHints":{"allow":["GET"]}}],"collection":[{"href":"https:\/\/catolicanet.net\/wp-cnet\/wp-json\/wp\/v2\/posts"}],"about":[{"href":"https:\/\/catolicanet.net\/wp-cnet\/wp-json\/wp\/v2\/types\/post"}],"author":[{"embeddable":true,"href":"https:\/\/catolicanet.net\/wp-cnet\/wp-json\/wp\/v2\/users\/1"}],"replies":[{"embeddable":true,"href":"https:\/\/catolicanet.net\/wp-cnet\/wp-json\/wp\/v2\/comments?post=2690"}],"version-history":[{"count":1,"href":"https:\/\/catolicanet.net\/wp-cnet\/wp-json\/wp\/v2\/posts\/2690\/revisions"}],"predecessor-version":[{"id":7095,"href":"https:\/\/catolicanet.net\/wp-cnet\/wp-json\/wp\/v2\/posts\/2690\/revisions\/7095"}],"wp:attachment":[{"href":"https:\/\/catolicanet.net\/wp-cnet\/wp-json\/wp\/v2\/media?parent=2690"}],"wp:term":[{"taxonomy":"category","embeddable":true,"href":"https:\/\/catolicanet.net\/wp-cnet\/wp-json\/wp\/v2\/categories?post=2690"},{"taxonomy":"post_tag","embeddable":true,"href":"https:\/\/catolicanet.net\/wp-cnet\/wp-json\/wp\/v2\/tags?post=2690"}],"curies":[{"name":"wp","href":"https:\/\/api.w.org\/{rel}","templated":true}]}}