{"id":2682,"date":"2013-04-25T13:11:05","date_gmt":"2013-04-25T16:11:05","guid":{"rendered":"http:\/\/catolicanet.net\/wp-cnet\/festa-de-s-marcos-qtestemunhar-o-evangelho-com-humildadeq\/"},"modified":"2017-03-21T15:31:23","modified_gmt":"2017-03-21T18:31:23","slug":"festa-de-s-marcos-qtestemunhar-o-evangelho-com-humildadeq","status":"publish","type":"post","link":"https:\/\/catolicanet.net\/wp-cnet\/festa-de-s-marcos-qtestemunhar-o-evangelho-com-humildadeq\/","title":{"rendered":"Festa de S. Marcos: &#8220;Testemunhar o Evangelho com humildade&#8221;"},"content":{"rendered":"<p><p style=\"text-align: justify;\"><span style=\"line-height: 1.3em;\"><img decoding=\"async\" src=\"http:\/\/catolicanet.com.br\/images\/stories\/festadesmarcos.jpg\" border=\"0\" align=\"left\" \/>O Papa presidiu na manh\u00e3 desta quinta-feira, na Casa Santa Marta, a Missa na Festa de S. Marcos Evangelista. Participaram alguns membros da Secretaria do S\u00ednodo dos Bispos, acompanhados pelo Secret\u00e1rio-Geral, Dom Nikola Eterovic, e um grupo de agentes da Gendarmeria Vaticana. <\/span><\/p>\n<p style=\"text-align: justify;\"><span style=\"line-height: 1.3em;\">No centro da homilia do Papa, o trecho do Evangelho de S\u00e3o Marcos em que se narra a Ascens\u00e3o de Jesus. O Senhor, antes de subir ao C\u00e9u, envia os ap\u00f3stolos a anunciarem o Evangelho at\u00e9 os confins do mundo, n\u00e3o somente em Jerusal\u00e9m ou na Galileia:<\/span><\/p>\n<p style=\"text-align: justify;\"><span style=\"line-height: 1.3em;\">\u0093N\u00e3o: em todo o mundo. O horizonte\u0085 o horizonte vasto\u0085 E como se pode ver, esta \u00e9 a missionariedade da Igreja. A Igreja vai avante com esta prega\u00e7\u00e3o a todos, em todo o mundo. Mas n\u00e3o avan\u00e7a sozinha, mas com Jesus. O Senhor trabalha com todos os que pregam o Evangelho. Esta \u00e9 a magnanimidade que os crist\u00e3os t\u00eam que ter.\u0094<\/span><\/p>\n<p style=\"text-align: justify;\"><span style=\"line-height: 1.3em;\">A primeira Carta de S. Pedro \u0096 destaca o Papa \u0096 define o estilo crist\u00e3o da prega\u00e7\u00e3o, que \u00e9 o da humildade:<\/span><\/p>\n<p style=\"text-align: justify;\"><span style=\"line-height: 1.3em;\">\u0093O estilo da prega\u00e7\u00e3o evang\u00e9lica tem esta atitude: a humildade, o servi\u00e7o, a caridade e o amor fraterno. Esta palavra, conquistar, n\u00e3o \u00e9 correta. Devemos pregar no mundo. O crist\u00e3o n\u00e3o deve ser como os soldados que quando vencem a batalha fazem tabula rasa de tudo.\u0094<\/span><\/p>\n<p style=\"text-align: justify;\"><span style=\"line-height: 1.3em;\">O crist\u00e3o \u0096 prossegue o Papa \u0096 \u0093anuncia o Evangelho com o seu testemunho, mais do que com as palavras\u0094:<\/span><\/p>\n<p style=\"text-align: justify;\"><span style=\"line-height: 1.3em;\">\u0093Quando n\u00f3s agimos com esta magnanimidade e tamb\u00e9m com esta humildade, quando n\u00f3s n\u00e3o nos assustamos com as coisas grandes, com o horizonte, mas nos importamos tamb\u00e9m com as coisas pequenas \u0096 a humildade, a caridade cotidiana \u0096 o Senhor confirma a Palavra. E devemos ir avante. O triunfo da Igreja \u00e9 a Ressurrei\u00e7\u00e3o de Jesus. Mas tem a Cruz, antes. Pe\u00e7amos hoje ao Senhor que nos torne mission\u00e1rios na Igreja, ap\u00f3stolos na Igrejas, mas com este esp\u00edrito: uma grande magnanimidade e tamb\u00e9m uma grande humildade. Assim seja\u0094.<\/span><\/p><\/p>\n","protected":false},"excerpt":{"rendered":"<p>O Papa presidiu na manh\u00e3 desta quinta-feira, na Casa Santa Marta, a Missa na Festa de S. Marcos Evangelista. Participaram alguns membros da Secretaria do S\u00ednodo dos Bispos, acompanhados pelo Secret\u00e1rio-Geral, Dom Nikola Eterovic, e um grupo de agentes da Gendarmeria Vaticana. No centro da homilia do Papa, o trecho do Evangelho de S\u00e3o Marcos [&hellip;]<\/p>\n","protected":false},"author":1,"featured_media":0,"comment_status":"closed","ping_status":"closed","sticky":false,"template":"","format":"standard","meta":{"footnotes":""},"categories":[3],"tags":[],"class_list":["post-2682","post","type-post","status-publish","format-standard","hentry","category-vaticano"],"_links":{"self":[{"href":"https:\/\/catolicanet.net\/wp-cnet\/wp-json\/wp\/v2\/posts\/2682","targetHints":{"allow":["GET"]}}],"collection":[{"href":"https:\/\/catolicanet.net\/wp-cnet\/wp-json\/wp\/v2\/posts"}],"about":[{"href":"https:\/\/catolicanet.net\/wp-cnet\/wp-json\/wp\/v2\/types\/post"}],"author":[{"embeddable":true,"href":"https:\/\/catolicanet.net\/wp-cnet\/wp-json\/wp\/v2\/users\/1"}],"replies":[{"embeddable":true,"href":"https:\/\/catolicanet.net\/wp-cnet\/wp-json\/wp\/v2\/comments?post=2682"}],"version-history":[{"count":1,"href":"https:\/\/catolicanet.net\/wp-cnet\/wp-json\/wp\/v2\/posts\/2682\/revisions"}],"predecessor-version":[{"id":7088,"href":"https:\/\/catolicanet.net\/wp-cnet\/wp-json\/wp\/v2\/posts\/2682\/revisions\/7088"}],"wp:attachment":[{"href":"https:\/\/catolicanet.net\/wp-cnet\/wp-json\/wp\/v2\/media?parent=2682"}],"wp:term":[{"taxonomy":"category","embeddable":true,"href":"https:\/\/catolicanet.net\/wp-cnet\/wp-json\/wp\/v2\/categories?post=2682"},{"taxonomy":"post_tag","embeddable":true,"href":"https:\/\/catolicanet.net\/wp-cnet\/wp-json\/wp\/v2\/tags?post=2682"}],"curies":[{"name":"wp","href":"https:\/\/api.w.org\/{rel}","templated":true}]}}