{"id":2679,"date":"2013-04-25T12:54:45","date_gmt":"2013-04-25T15:54:45","guid":{"rendered":"http:\/\/catolicanet.net\/wp-cnet\/comissao-para-a-vida-e-a-familia-promove-eventos-de-valorizacao-da-familia\/"},"modified":"2017-03-21T15:29:32","modified_gmt":"2017-03-21T18:29:32","slug":"comissao-para-a-vida-e-a-familia-promove-eventos-de-valorizacao-da-familia","status":"publish","type":"post","link":"https:\/\/catolicanet.net\/wp-cnet\/comissao-para-a-vida-e-a-familia-promove-eventos-de-valorizacao-da-familia\/","title":{"rendered":"Comiss\u00e3o para a Vida e a Fam\u00edlia promove eventos de valoriza\u00e7\u00e3o da fam\u00edlia"},"content":{"rendered":"<p><p style=\"text-align: justify;\"><span style=\"line-height: 1.3em;\"><img decoding=\"async\" src=\"http:\/\/catolicanet.com.br\/images\/stories\/cvf.jpg\" border=\"0\" align=\"left\" \/>A Comiss\u00e3o Episcopal Pastoral para a Vida e a Fam\u00edlia (CEPVF) da Confer\u00eancia Nacional dos Bispos do Brasil (CNBB), com o apoio da Can\u00e7\u00e3o Nova, promover\u00e1 o 3\u00ba Simp\u00f3sio Nacional da Fam\u00edlia. O evento ser\u00e1 realizado dia 25 de maio, na Can\u00e7\u00e3o Nova, em Cachoeira Paulista (SP). No dia 26 de maio, a Comiss\u00e3o tamb\u00e9m organizar\u00e1 a 5\u00aa Peregrina\u00e7\u00e3o Nacional da Fam\u00edlia, no Santu\u00e1rio Nacional, em Aparecida (SP).<\/span><\/p>\n<p style=\"text-align: justify;\"><span style=\"line-height: 1.3em;\">Este ano, o 3\u00ba Simp\u00f3sio Nacional da Fam\u00edlia e a 5\u00aa Peregrina\u00e7\u00e3o Nacional da Fam\u00edlia, em sintonia com o Ano da F\u00e9 e com a Jornada Mundial da Juventude, ter\u00e3o por tema a \u0093Transmiss\u00e3o da F\u00e9 na Fam\u00edlia: tarefa dos pais\u0094. O objetivo ser\u00e1 oferecer aos pais a oportunidade de reavivar a miss\u00e3o de educar os filhos na f\u00e9, especialmente pela presen\u00e7a e pelo testemunho. O 3\u00ba Simp\u00f3sio ser\u00e1 televisionado pela TV Can\u00e7\u00e3o Nova.<\/span><\/p>\n<p style=\"text-align: justify;\"><span style=\"line-height: 1.3em;\">Os eventos contar\u00e3o com a presen\u00e7a do presidente da Comiss\u00e3o Episcopal para a Vida e a Fam\u00edlia e bispo de Cama\u00e7ari (BA), dom Jo\u00e3o Carlos Petrini, e do bispo Auxiliar do Rio de Janeiro (RJ), dom Antonio Augusto Dias Duarte, al\u00e9m de membros e os assessores nacionais da CEPVF.<\/span><\/p>\n<p style=\"text-align: justify;\"><span style=\"line-height: 1.3em;\">Os bispos respons\u00e1veis pela Pastoral Familiar nos 17 Regionais da CNBB tamb\u00e9m estar\u00e3o presentes, assim como coordenadores nacional, regionais, diocesanos e paroquiais da Pastoral Familiar e fam\u00edlias vindas de todas as dioceses do Brasil. Nos dois dias, \u00e9 estimada a participa\u00e7\u00e3o de 250 mil pessoas.<\/span><\/p>\n<p style=\"text-align: justify;\"><span style=\"line-height: 1.3em;\">O 3\u00ba Simp\u00f3sio Nacional da Fam\u00edlia ser\u00e1 realizado na Can\u00e7\u00e3o Nova, no Rinc\u00e3o do meu Senhor, em Cachoeira Paulista (SP). Durante o evento haver\u00e1 uma s\u00e9rie de confer\u00eancias que tratar\u00e3o de diversos temas ligados \u00e0 fam\u00edlia. Dentre os conferencistas, dom Jo\u00e3o Carlos Petrini, far\u00e1 a primeira confer\u00eancia, que falar\u00e1 sobre \u0093O des\u00edgnio de Deus\u0094.<\/span><\/p>\n<p style=\"text-align: justify;\"><span style=\"line-height: 1.3em;\">Professores do Pontif\u00edcio Instituto Jo\u00e3o Paulo II de estudos sobre matrim\u00f4nio e fam\u00edlia, com sede Salvador (BA), tamb\u00e9m far\u00e3o confer\u00eancias que tratar\u00e3o de tem\u00e1ticas como \u0093Fam\u00edlia e Sociedade\u0094, \u0093A transmiss\u00e3o da f\u00e9 na fam\u00edlia\u0094, \u0093Fam\u00edlia acolhedora (desde a hospitalidade \u00e0 ado\u00e7\u00e3o)\u0094, e \u0093Comunidade de fam\u00edlias\u0094.<\/span><\/p>\n<p style=\"text-align: justify;\"><span style=\"line-height: 1.3em;\">Na tarde do dia 25 de maio, saindo do Santu\u00e1rio Nacional de Nossa Senhora Aparecida, em Aparecida (SP), \u00e0s 19h30, haver\u00e1 uma prociss\u00e3o at\u00e9 a \u0093 Igreja Velha\u0094. No dia da 5\u00aa Peregrina\u00e7\u00e3o Nacional da Fam\u00edlia, 26 de maio, ser\u00e3o realizadas Celebra\u00e7\u00f5es Eucar\u00edsticas, no Santu\u00e1rio Nacional de Nossa Senhora Aparecida a partir das 5h30.<\/span><\/p><\/p>\n","protected":false},"excerpt":{"rendered":"<p>A Comiss\u00e3o Episcopal Pastoral para a Vida e a Fam\u00edlia (CEPVF) da Confer\u00eancia Nacional dos Bispos do Brasil (CNBB), com o apoio da Can\u00e7\u00e3o Nova, promover\u00e1 o 3\u00ba Simp\u00f3sio Nacional da Fam\u00edlia. O evento ser\u00e1 realizado dia 25 de maio, na Can\u00e7\u00e3o Nova, em Cachoeira Paulista (SP). No dia 26 de maio, a Comiss\u00e3o tamb\u00e9m [&hellip;]<\/p>\n","protected":false},"author":1,"featured_media":0,"comment_status":"closed","ping_status":"closed","sticky":false,"template":"","format":"standard","meta":{"footnotes":""},"categories":[7],"tags":[],"class_list":["post-2679","post","type-post","status-publish","format-standard","hentry","category-cnbb"],"_links":{"self":[{"href":"https:\/\/catolicanet.net\/wp-cnet\/wp-json\/wp\/v2\/posts\/2679","targetHints":{"allow":["GET"]}}],"collection":[{"href":"https:\/\/catolicanet.net\/wp-cnet\/wp-json\/wp\/v2\/posts"}],"about":[{"href":"https:\/\/catolicanet.net\/wp-cnet\/wp-json\/wp\/v2\/types\/post"}],"author":[{"embeddable":true,"href":"https:\/\/catolicanet.net\/wp-cnet\/wp-json\/wp\/v2\/users\/1"}],"replies":[{"embeddable":true,"href":"https:\/\/catolicanet.net\/wp-cnet\/wp-json\/wp\/v2\/comments?post=2679"}],"version-history":[{"count":1,"href":"https:\/\/catolicanet.net\/wp-cnet\/wp-json\/wp\/v2\/posts\/2679\/revisions"}],"predecessor-version":[{"id":7085,"href":"https:\/\/catolicanet.net\/wp-cnet\/wp-json\/wp\/v2\/posts\/2679\/revisions\/7085"}],"wp:attachment":[{"href":"https:\/\/catolicanet.net\/wp-cnet\/wp-json\/wp\/v2\/media?parent=2679"}],"wp:term":[{"taxonomy":"category","embeddable":true,"href":"https:\/\/catolicanet.net\/wp-cnet\/wp-json\/wp\/v2\/categories?post=2679"},{"taxonomy":"post_tag","embeddable":true,"href":"https:\/\/catolicanet.net\/wp-cnet\/wp-json\/wp\/v2\/tags?post=2679"}],"curies":[{"name":"wp","href":"https:\/\/api.w.org\/{rel}","templated":true}]}}