{"id":2676,"date":"2013-04-25T12:33:29","date_gmt":"2013-04-25T15:33:29","guid":{"rendered":"http:\/\/catolicanet.net\/wp-cnet\/pontificias-obras-missionarias-lancam-novo-subsidio-para-criancas\/"},"modified":"2017-03-21T15:27:37","modified_gmt":"2017-03-21T18:27:37","slug":"pontificias-obras-missionarias-lancam-novo-subsidio-para-criancas","status":"publish","type":"post","link":"https:\/\/catolicanet.net\/wp-cnet\/pontificias-obras-missionarias-lancam-novo-subsidio-para-criancas\/","title":{"rendered":"Pontif\u00edcias Obras Mission\u00e1rias lan\u00e7am novo subs\u00eddio para crian\u00e7as"},"content":{"rendered":"<p><p style=\"text-align: justify;\"><span style=\"line-height: 1.3em;\"><img decoding=\"async\" src=\"http:\/\/catolicanet.com.br\/images\/stories\/logo2horaevangelizar.jpg\" border=\"0\" align=\"left\" \/>Com o objetivo de ajudar as crian\u00e7as em fase de alfabetiza\u00e7\u00e3o a dar os primeiros passos na metodologia da Inf\u00e2ncia e Adolesc\u00eancia Mission\u00e1ria (IAM), a dire\u00e7\u00e3o nacional das Pontif\u00edcias Obras Mission\u00e1rias no Brasil, lan\u00e7a o subs\u00eddio \u0093Hora de Evangelizar\u0094.<\/span><\/p>\n<p style=\"text-align: justify;\"><span style=\"line-height: 1.3em;\">Inspirado em trabalhos do padre Remo Marinai, mission\u00e1rio Comboniano, da extinta revista infantil \u0093Al\u00f4 Mundo\u0094, a publica\u00e7\u00e3o \u00e9 um caderno pedag\u00f3gico todo ilustrado, com 34 p\u00e1ginas de atividades. O conte\u00fado tem como fonte os tr\u00eas pilares da IAM: o protagonismo, a abertura sem fronteiras e a solidariedade presentes na vida das crian\u00e7as desde o per\u00edodo da alfabetiza\u00e7\u00e3o.<\/span><\/p>\n<p style=\"text-align: justify;\"><span style=\"line-height: 1.3em;\"><img decoding=\"async\" src=\"http:\/\/catolicanet.com.br\/images\/stories\/capa_pequenahoraevangelizar.jpg\" border=\"0\" align=\"left\" \/>\u0093Escutando as bases nas assessorias pelo Brasil, pude perceber a urgente necessidade de olharmos de forma especial para a fase da alfabetiza\u00e7\u00e3o infantil, pois a mesma proporciona \u00e0 crian\u00e7a ter o primeiro contato com o mundo fora da fam\u00edlia por meio da escola e da Igreja\u0094, afirma padre Andr\u00e9 Luiz de Negreiros, secret\u00e1rio nacional da IAM, respons\u00e1vel pela publica\u00e7\u00e3o. \u0093Acredito que devemos apresentar a Igreja mission\u00e1ria para estas crian\u00e7as despertando nelas desde j\u00e1, a consci\u00eancia mission\u00e1ria, atrav\u00e9s do carisma da IAM que cria compromisso com todas as crian\u00e7as e adolescentes do mundo\u0094, ressalta padre Andr\u00e9.<\/span><\/p>\n<p style=\"text-align: justify;\"><span style=\"line-height: 1.3em;\">Com tiragem inicial de cinco mil exemplares, \u0093Hora de Evangelizar\u0094, caderno N. 1, est\u00e1 \u00e0 disposi\u00e7\u00e3o dos grupos de IAM para ser utilizado na evangeliza\u00e7\u00e3o das crian\u00e7as. Mais informa\u00e7\u00f5es: POM (61) 3340 4494 &#8211; Email: material@pom.org.br<\/span><\/p><\/p>\n","protected":false},"excerpt":{"rendered":"<p>Com o objetivo de ajudar as crian\u00e7as em fase de alfabetiza\u00e7\u00e3o a dar os primeiros passos na metodologia da Inf\u00e2ncia e Adolesc\u00eancia Mission\u00e1ria (IAM), a dire\u00e7\u00e3o nacional das Pontif\u00edcias Obras Mission\u00e1rias no Brasil, lan\u00e7a o subs\u00eddio \u0093Hora de Evangelizar\u0094. Inspirado em trabalhos do padre Remo Marinai, mission\u00e1rio Comboniano, da extinta revista infantil \u0093Al\u00f4 Mundo\u0094, a [&hellip;]<\/p>\n","protected":false},"author":1,"featured_media":0,"comment_status":"closed","ping_status":"closed","sticky":false,"template":"","format":"standard","meta":{"footnotes":""},"categories":[4],"tags":[],"class_list":["post-2676","post","type-post","status-publish","format-standard","hentry","category-cotidiano"],"_links":{"self":[{"href":"https:\/\/catolicanet.net\/wp-cnet\/wp-json\/wp\/v2\/posts\/2676","targetHints":{"allow":["GET"]}}],"collection":[{"href":"https:\/\/catolicanet.net\/wp-cnet\/wp-json\/wp\/v2\/posts"}],"about":[{"href":"https:\/\/catolicanet.net\/wp-cnet\/wp-json\/wp\/v2\/types\/post"}],"author":[{"embeddable":true,"href":"https:\/\/catolicanet.net\/wp-cnet\/wp-json\/wp\/v2\/users\/1"}],"replies":[{"embeddable":true,"href":"https:\/\/catolicanet.net\/wp-cnet\/wp-json\/wp\/v2\/comments?post=2676"}],"version-history":[{"count":1,"href":"https:\/\/catolicanet.net\/wp-cnet\/wp-json\/wp\/v2\/posts\/2676\/revisions"}],"predecessor-version":[{"id":7082,"href":"https:\/\/catolicanet.net\/wp-cnet\/wp-json\/wp\/v2\/posts\/2676\/revisions\/7082"}],"wp:attachment":[{"href":"https:\/\/catolicanet.net\/wp-cnet\/wp-json\/wp\/v2\/media?parent=2676"}],"wp:term":[{"taxonomy":"category","embeddable":true,"href":"https:\/\/catolicanet.net\/wp-cnet\/wp-json\/wp\/v2\/categories?post=2676"},{"taxonomy":"post_tag","embeddable":true,"href":"https:\/\/catolicanet.net\/wp-cnet\/wp-json\/wp\/v2\/tags?post=2676"}],"curies":[{"name":"wp","href":"https:\/\/api.w.org\/{rel}","templated":true}]}}