{"id":2671,"date":"2013-04-22T17:18:37","date_gmt":"2013-04-22T20:18:37","guid":{"rendered":"http:\/\/catolicanet.net\/wp-cnet\/cnbb-participa-do-manifesto-por-eleicoes-limpas\/"},"modified":"2017-03-21T15:23:39","modified_gmt":"2017-03-21T18:23:39","slug":"cnbb-participa-do-manifesto-por-eleicoes-limpas","status":"publish","type":"post","link":"https:\/\/catolicanet.net\/wp-cnet\/cnbb-participa-do-manifesto-por-eleicoes-limpas\/","title":{"rendered":"CNBB participa do manifesto por Elei\u00e7\u00f5es Limpas"},"content":{"rendered":"<p style=\"text-align: justify;\">\n<p><span style=\"line-height: 1.3em;\"><img decoding=\"async\" src=\"http:\/\/catolicanet.com.br\/images\/stories\/eleicoeslimpas20131.jpg\" border=\"0\" align=\"left\" \/>O ato p\u00fablico \u0093Elei\u00e7\u00f5es Limpas\u0094: Contra o financiamento privado e em defesa do financiamento democr\u00e1tico de campanha, que aconteceu no \u00faltimo dia 8 de abril, no Conselho Federal da Ordem dos Advogados do Brasil-OAB, recebeu mais de 50 entidades de todo o Brasil. Entre elas, a Confer\u00eancia Nacional dos Bispos do Brasil e a C\u00e1ritas Brasileira.<\/span><\/p>\n<p><span style=\"line-height: 1.3em;\">O atual sistema eleitoral, com seu financiamento privado de campanha, estimula a corrup\u00e7\u00e3o. E o objetivo do manifesto \u00e9 combater a causa da corrup\u00e7\u00e3o eleitoral no Brasil, o ato p\u00fablico abordou assuntos referentes \u00e0 Reforma Pol\u00edtica Democr\u00e1tica.<\/span><\/p>\n<p><span style=\"line-height: 1.3em;\">A C\u00e1ritas Brasileira foi representada por Jos\u00e9 Magalh\u00e3es de Sousa, que fez a leitura do manifesto, \u0093A Reforma Pol\u00edtica Democr\u00e1tica representa o caminho para aprofundar a democracia, garantindo a amplia\u00e7\u00e3o da pol\u00edtica da maioria da sociedade, valorizando o papel do eleitor e contribuindo para o fim da corrup\u00e7\u00e3o eleitoral.\u0094<\/span><\/p>\n<p><span style=\"line-height: 1.3em;\">A OAB levar\u00e1 ao Congresso Nacional o apoio e exig\u00eancia da sociedade brasileira por uma Reforma Pol\u00edtica que detenha a corrup\u00e7\u00e3o eleitoral, impedindo o abuso do poder pol\u00edtico, que fa\u00e7a com que o voto seja livre e que n\u00e3o haja interfer\u00eancia do poder econ\u00f4mico nas elei\u00e7\u00f5es.<\/span><\/p>\n<p><span style=\"line-height: 1.3em;\">O documento assinado por todas as entidades foi entregue aos presidentes do Senado Federal e da C\u00e2mara dos Deputados. Leia a \u00edntegra do manifesto, clicando aqui. <\/span><\/p><\/p>\n","protected":false},"excerpt":{"rendered":"<p>O ato p\u00fablico \u0093Elei\u00e7\u00f5es Limpas\u0094: Contra o financiamento privado e em defesa do financiamento democr\u00e1tico de campanha, que aconteceu no \u00faltimo dia 8 de abril, no Conselho Federal da Ordem dos Advogados do Brasil-OAB, recebeu mais de 50 entidades de todo o Brasil. Entre elas, a Confer\u00eancia Nacional dos Bispos do Brasil e a C\u00e1ritas [&hellip;]<\/p>\n","protected":false},"author":1,"featured_media":0,"comment_status":"closed","ping_status":"closed","sticky":false,"template":"","format":"standard","meta":{"footnotes":""},"categories":[7],"tags":[],"class_list":["post-2671","post","type-post","status-publish","format-standard","hentry","category-cnbb"],"_links":{"self":[{"href":"https:\/\/catolicanet.net\/wp-cnet\/wp-json\/wp\/v2\/posts\/2671","targetHints":{"allow":["GET"]}}],"collection":[{"href":"https:\/\/catolicanet.net\/wp-cnet\/wp-json\/wp\/v2\/posts"}],"about":[{"href":"https:\/\/catolicanet.net\/wp-cnet\/wp-json\/wp\/v2\/types\/post"}],"author":[{"embeddable":true,"href":"https:\/\/catolicanet.net\/wp-cnet\/wp-json\/wp\/v2\/users\/1"}],"replies":[{"embeddable":true,"href":"https:\/\/catolicanet.net\/wp-cnet\/wp-json\/wp\/v2\/comments?post=2671"}],"version-history":[{"count":1,"href":"https:\/\/catolicanet.net\/wp-cnet\/wp-json\/wp\/v2\/posts\/2671\/revisions"}],"predecessor-version":[{"id":7076,"href":"https:\/\/catolicanet.net\/wp-cnet\/wp-json\/wp\/v2\/posts\/2671\/revisions\/7076"}],"wp:attachment":[{"href":"https:\/\/catolicanet.net\/wp-cnet\/wp-json\/wp\/v2\/media?parent=2671"}],"wp:term":[{"taxonomy":"category","embeddable":true,"href":"https:\/\/catolicanet.net\/wp-cnet\/wp-json\/wp\/v2\/categories?post=2671"},{"taxonomy":"post_tag","embeddable":true,"href":"https:\/\/catolicanet.net\/wp-cnet\/wp-json\/wp\/v2\/tags?post=2671"}],"curies":[{"name":"wp","href":"https:\/\/api.w.org\/{rel}","templated":true}]}}