{"id":2661,"date":"2013-04-19T19:49:34","date_gmt":"2013-04-19T22:49:34","guid":{"rendered":"http:\/\/catolicanet.net\/wp-cnet\/encerramos-o-encontro-com-um-saldo-excelente-destacou-dom-raymundo-damasceno-sobre-a-51o-assembleia-geral\/"},"modified":"2017-03-21T15:09:15","modified_gmt":"2017-03-21T18:09:15","slug":"encerramos-o-encontro-com-um-saldo-excelente-destacou-dom-raymundo-damasceno-sobre-a-51o-assembleia-geral","status":"publish","type":"post","link":"https:\/\/catolicanet.net\/wp-cnet\/encerramos-o-encontro-com-um-saldo-excelente-destacou-dom-raymundo-damasceno-sobre-a-51o-assembleia-geral\/","title":{"rendered":"\u0093Encerramos o encontro com um saldo excelente\u0094, destacou dom Raymundo Damasceno sobre a 51\u00aa Assembleia Geral"},"content":{"rendered":"<p><p style=\"text-align: justify;\"><span style=\"line-height: 1.3em;\"> <\/span><\/p>\n<p style=\"text-align: justify;\"><img decoding=\"async\" src=\"http:\/\/catolicanet.com.br\/images\/stories\/51assembleia.jpg\" border=\"0\" align=\"left\" \/>A coletiva de imprensa do \u00faltimo dia da 51\u00aa Assembleia Geral da CNBB foi composta pela presid\u00eancia da CNBB, Cardeal dom Raymundo Damasceno, presidente e arcebispo de Aparecida (SP); dom Jos\u00e9 Belis\u00e1rio da Silva, vice-presidente e arcebispo de S\u00e3o Lu\u00eds (MA) e dom Leonardo Ulrich Steiner, secret\u00e1rio geral e bispo auxiliar de Bras\u00edlia.<\/p>\n<p style=\"text-align: justify;\"><span style=\"line-height: 1.3em;\">No in\u00edcio da coletiva dom Raymundo saudou os jornalistas presentes e aqueles que acompanharam ao vivo pelo Portal A12. O cardeal destacou o trabalho da imprensa e revelou o sentimento de gratid\u00e3o pelo trabalho que foi realizado durante a 51\u00aa Assembleia. \u0093Estamos gratos e agradecemos o trabalho realizado por voc\u00eas durante esses 10 dias que estivemos reunidos aqui em Aparecida\u0094, disse.<\/span><\/p>\n<p style=\"text-align: justify;\"><span style=\"line-height: 1.3em;\">O presidente da CNBB avaliou que a 51\u00aa Assembleia Geral foi uma ocasi\u00e3o de profunda experi\u00eancia eclesial. \u0093Estivemos reunidos para rezar, refletir e promover o aprofundamento de nossa comunh\u00e3o. O resultado desse nosso empenho foi o melhor poss\u00edvel. Encerramos o encontro com um saldo excelente\u0094, ponderou.<\/span><\/p>\n<p style=\"text-align: justify;\"><span style=\"line-height: 1.3em;\">Durante a coletiva foi feito um balan\u00e7o das atividades realizadas. Sobre o tema central da Assembleia 2013 \u0093Comunidade de comunidades: uma nova par\u00f3quia\u0094, dom Raymundo disse que \u0093j\u00e1 era previsto que seria aprofundado na assembleia desse ano e continuaria sendo levado para as dioceses para novos estudos e somente na assembleia do pr\u00f3ximo ano que ser\u00e1 apresentado para a aprova\u00e7\u00e3o final\u0094.<\/span><\/p>\n<p style=\"text-align: justify;\"><span style=\"line-height: 1.3em;\">O cardeal explicou que o tema central se situa na busca por uma maior \u0093convers\u00e3o pastoral\u0094 e apontou algumas reflex\u00f5es sobre o estudo como a cultura dos tempos atuais, o desafio e a necessidade de considerar a mudan\u00e7a de \u00e9poca, o reconhecimento que o lugar privilegiado para realizar uma experi\u00eancia concreta com Jesus Cristo \u00e9 a comunidade eclesial e por fim o reconhecimento de que a par\u00f3quia \u00e9 a grande escola da f\u00e9, da ora\u00e7\u00e3o, dos valores e costumes crist\u00e3os.<\/span><\/p>\n<p style=\"text-align: justify;\"><span style=\"line-height: 1.3em;\">Al\u00e9m do tema central, dois outros assuntos foram destacados na coletiva: o estudo sobre a Quest\u00e3o Agr\u00e1ria e o Diret\u00f3rio para a Comunica\u00e7\u00e3o no Brasil. Os dois temas foram amplamente discutidos pelos bispos que decidiram pela continuidade da reflex\u00e3o antes de se tornarem documentos da CNBB.<\/span><\/p>\n<p style=\"text-align: justify;\"><span style=\"line-height: 1.3em;\">Foi destacado tamb\u00e9m assuntos abordados durante a Assembleia como a Jornada Mundial da Juventude, os textos lit\u00fargicos e a Campanha da Fraternidade.<\/span><\/p>\n<p style=\"text-align: justify;\"><span style=\"line-height: 1.3em;\">No final de suas palavras dom Raymundo Damasceno apresentou outros dois frutos da Assembleia que s\u00e3o um subs\u00eddio que os bispos est\u00e3o oferecendo a todos as comunidades para aprofundamento do tema das elei\u00e7\u00f5es e uma Nota que foi emitida em defesa dos direitos ind\u00edgenas e quilombolas, pela rejei\u00e7\u00e3o da PEC 215.<\/span><\/p><\/p>\n","protected":false},"excerpt":{"rendered":"<p>A coletiva de imprensa do \u00faltimo dia da 51\u00aa Assembleia Geral da CNBB foi composta pela presid\u00eancia da CNBB, Cardeal dom Raymundo Damasceno, presidente e arcebispo de Aparecida (SP); dom Jos\u00e9 Belis\u00e1rio da Silva, vice-presidente e arcebispo de S\u00e3o Lu\u00eds (MA) e dom Leonardo Ulrich Steiner, secret\u00e1rio geral e bispo auxiliar de Bras\u00edlia. No in\u00edcio [&hellip;]<\/p>\n","protected":false},"author":1,"featured_media":0,"comment_status":"closed","ping_status":"closed","sticky":false,"template":"","format":"standard","meta":{"footnotes":""},"categories":[7],"tags":[],"class_list":["post-2661","post","type-post","status-publish","format-standard","hentry","category-cnbb"],"_links":{"self":[{"href":"https:\/\/catolicanet.net\/wp-cnet\/wp-json\/wp\/v2\/posts\/2661","targetHints":{"allow":["GET"]}}],"collection":[{"href":"https:\/\/catolicanet.net\/wp-cnet\/wp-json\/wp\/v2\/posts"}],"about":[{"href":"https:\/\/catolicanet.net\/wp-cnet\/wp-json\/wp\/v2\/types\/post"}],"author":[{"embeddable":true,"href":"https:\/\/catolicanet.net\/wp-cnet\/wp-json\/wp\/v2\/users\/1"}],"replies":[{"embeddable":true,"href":"https:\/\/catolicanet.net\/wp-cnet\/wp-json\/wp\/v2\/comments?post=2661"}],"version-history":[{"count":1,"href":"https:\/\/catolicanet.net\/wp-cnet\/wp-json\/wp\/v2\/posts\/2661\/revisions"}],"predecessor-version":[{"id":7069,"href":"https:\/\/catolicanet.net\/wp-cnet\/wp-json\/wp\/v2\/posts\/2661\/revisions\/7069"}],"wp:attachment":[{"href":"https:\/\/catolicanet.net\/wp-cnet\/wp-json\/wp\/v2\/media?parent=2661"}],"wp:term":[{"taxonomy":"category","embeddable":true,"href":"https:\/\/catolicanet.net\/wp-cnet\/wp-json\/wp\/v2\/categories?post=2661"},{"taxonomy":"post_tag","embeddable":true,"href":"https:\/\/catolicanet.net\/wp-cnet\/wp-json\/wp\/v2\/tags?post=2661"}],"curies":[{"name":"wp","href":"https:\/\/api.w.org\/{rel}","templated":true}]}}