{"id":2659,"date":"2026-04-19T00:00:00","date_gmt":"2026-04-19T03:00:00","guid":{"rendered":"http:\/\/catolicanet.net\/wp-cnet\/santo-expedito\/"},"modified":"2026-05-15T15:23:42","modified_gmt":"2026-05-15T18:23:42","slug":"santo-expedito","status":"publish","type":"post","link":"https:\/\/catolicanet.net\/wp-cnet\/santo-expedito\/","title":{"rendered":"Santo Expedito \/ Santa Ema da Sax\u00f4nia"},"content":{"rendered":"<p><strong>(Patrono das Causas Urgentes)<\/strong><\/p>\n<p style=\"text-align: justify;\">Hoje nossa Igreja comemora o dia de Santo Expedito, Soldado Romano, traja uma capa vermelha e est\u00e1 com o p\u00e9 em cima de um corvo, ave conhecida pelos atrasos intermin\u00e1veis. O corvo grita sem fim Cras! Cras!, que significa amanh\u00e3 e, Santo Expedito que apresenta em uma das m\u00e3os, a cruz com a inscri\u00e7\u00e3o Hodie, que significa hoje, consegue a pronta solu\u00e7\u00e3o de algumas quest\u00f5es. Na outra ,m\u00e3o Santo Expedito carrega uma palma, s\u00edmbolo do mart\u00edrio. \u00c9 conhecido como padroeiro dos militares, dos estudantes, dos viajantes e patrono nas causas urgentes.<\/p>\n<p style=\"text-align: justify;\"><span style=\"line-height: 1.3em;\">A utiliza\u00e7\u00e3o do nome Expedito e o seu significado n\u00e3o \u00e9 t\u00e3o certo como a \u00e9poca e local em que o santo morreu, tem v\u00e1rias explica\u00e7\u00f5es: A primeira delas \u00e9 que existiam duas esp\u00e9cies de soldados: o &#8220;expeditus&#8221; e o &#8220;impeditus&#8221;. O expeditus&#8221; recebida essa designa\u00e7\u00e3o porque carregava um armamento leve e era desembara\u00e7ado do encargo ao qual o &#8220;impeditus&#8221; recebia.<\/span><\/p>\n<p style=\"text-align: justify;\">A parte formada pelos &#8220;expeditus&#8221; podia seguir a frente do ex\u00e9rcito formando um corpo inteiro na defesa do territ\u00f3rio. Coincidentemente, Santo Expedito fazia parte desse grupo e o nome &#8220;Expeditus&#8221; teria se tornado nome pr\u00f3prio. Outra explica\u00e7\u00e3o vem da caracter\u00edstica frequente dos romanos em apelidar as pessoas, assim, o nome Expedito foi dado devido a um tra\u00e7o de car\u00e1ter desse santo, que \u00e9 a presteza e a prontid\u00e3o no cumprimento de seu dever. Ele era chefe da 12 Legi\u00e3o Romana, sediada em uma das prov\u00edncias romanas da Arm\u00eania. O fato de ter ocupado cargo t\u00e3o elevado pode ser explicado pela prefer\u00eancia pelos crist\u00e3os, dada pelo imperador Dioclesiano para os postos importantes na administra\u00e7\u00e3o e no ex\u00e9rcito.<\/p>\n<p style=\"text-align: justify;\"><span style=\"line-height: 1.3em;\">Por ordem de C\u00e9sar Galero, o imperador Diocleciano tinha obrigado os oficiais crist\u00e3os de seu ex\u00e9rcito a renunciarem a religi\u00e3o. Muitos oficiais j\u00e1 haviam pago com a vida pela recusa.<\/span><\/p>\n<p style=\"text-align: justify;\"><span style=\"line-height: 1.3em;\">Santo Expedito, a exemplo de S\u00e3o Sebasti\u00e3o, que tamb\u00e9m participou de cargos importantes em outras legi\u00f5es e que se recusou a renunciar a religi\u00e3o, foi flagelado at\u00e9 derramar sangue e ent\u00e3o teve a cabe\u00e7a decepada.<\/span><\/p>\n<p style=\"text-align: justify;\"><span style=\"line-height: 1.3em;\">Acredita-se que Santo Expedito tenha nascido na cidade de Malatia, situada entre Arm\u00eania e Capad\u00f3cia. Segundo a hist\u00f3ria, a Arm\u00eaniua foi considerada uma terra de predile\u00e7\u00e3o. A Sagrada Escritura conta que foi nas montanhas arm\u00eanicas do Ararat que a Arca de No\u00e9 parou quando as \u00e1guas do diluvio come\u00e7aram a baixar. Tamb\u00e9m foi essa mesma regi\u00e3o que recebeu as prega\u00e7\u00f5es dos Ap\u00f3stolos Judas Tadeu, Sim\u00e3o e Batolomeu.<\/span><\/p>\n<p style=\"text-align: justify;\"><span style=\"line-height: 1.3em;\">A devo\u00e7\u00e3o a mem\u00f3ria de Santo Expedito come\u00e7ou em sua p\u00e1tria, tomando propor\u00e7\u00e3o maior e atingindo o Oriente, depois o Ocidente, especialmente a Alemanha. Seu nome espalhou-se pela It\u00e1lia, Espanha e Fran\u00e7a. Em 1894, teve um altar dedicado a ele na capela das Religiosas M\u00ednimas com sua est\u00e1tua.<\/span><\/p>\n<p style=\"text-align: justify;\">Santo Expedito, rogai por n\u00f3s!<\/p>\n<p style=\"text-align: justify;\">_____________________________________________________________________<\/p>\n<p style=\"text-align: justify;\"><strong>Santa Ema da Sax\u00f4nia <\/strong><\/p>\n<p style=\"text-align: justify;\"><img decoding=\"async\" src=\"http:\/\/catolicanet.com.br\/images\/stories\/santa ema da saxnia1.jpg\" align=\"left\" border=\"0\" \/>Ema da Sax\u00f4nia morreu a 19 de abril de 1040. No mosteiro de S\u00e3o Ludgero, na Alemanha, inexplicavelmente longe da Sax\u00f4nia, se conserva uma rel\u00edquia desta santa: uma m\u00e3o prodigiosamente intacta.<\/p>\n<p style=\"text-align: justify;\"><span style=\"line-height: 1.3em;\">Ela, de origem alem\u00e3, nasceu no ber\u00e7o de uma fam\u00edlia muito religiosa e crist\u00e3. Era irm\u00e3 de Meginverco, bispo da cidade de Paderborn, que tamb\u00e9m se tornou santo. Muito nova foi dada em matrim\u00f4nio para Ludgero, conde da Sax\u00f4nia, que a deixou vi\u00fava um ano depois do enlace. Muito devota, bonita, rica e sem filhos, n\u00e3o desejou se casar novamente. E se manteve constante em seu novo projeto de vida, que foi a total dedica\u00e7\u00e3o \u00e0s obras de caridade.<\/span><\/p>\n<p style=\"text-align: justify;\"><span style=\"line-height: 1.3em;\">&#8220;A mulher est\u00e9ril, diz a B\u00edblia, ser\u00e1 m\u00e3e de muitos filhos&#8221;. Assim foi com Ema. Generosa nas doa\u00e7\u00f5es e no atendimento ao pr\u00f3ximo, mas austera e intransigente consigo mesma, procurou a perfei\u00e7\u00e3o no dif\u00edcil estado de viuvez, uma condi\u00e7\u00e3o bastante inc\u00f4moda para uma mulher que ficou s\u00f3 e muito rica.<\/span><\/p>\n<p style=\"text-align: justify;\"><span style=\"line-height: 1.3em;\">Ela, entretanto, potenciou sua fecundidade espiritual e, administrou seu patrim\u00f4nio, em benef\u00edcio dos pobres e \u00f3rf\u00e3os, atrav\u00e9s das institui\u00e7\u00f5es assistenciais. Quarenta anos depois, por ocasi\u00e3o de sua morte, ela j\u00e1 n\u00e3o possu\u00eda mais nada neste mundo, tendo transferido, atrav\u00e9s de sua caridade, seus bens ao tesouro do para\u00edso, onde, no dizer de Jesus, &#8220;As tra\u00e7as e a ferrugem n\u00e3o consomem, nem os ladr\u00f5es roubam&#8221; (Mt 6,20).<\/span><\/p>\n<p style=\"text-align: justify;\"><span style=\"line-height: 1.3em;\">A escolha de Ema n\u00e3o foi uma fuga perante as responsabilidades familiares, mas uma op\u00e7\u00e3o em favor de um servi\u00e7o mais amplo aos necessitados, em nome de Jesus Cristo, que nos deixou o exemplo de dar sua vida pela salva\u00e7\u00e3o dos homens. Ali\u00e1s, o ap\u00f3stolo Paulo louva a op\u00e7\u00e3o das vi\u00favas que se dedicam unicamente ao Senhor e ao servi\u00e7o comunit\u00e1rio da diocese de tal modo que, nos primeiros s\u00e9culos do Cristianismo, existia uma esp\u00e9cie de associa\u00e7\u00e3o de vi\u00favas que trabalhavam distribuindo as esmolas dadas aos pobres pela Igreja.<\/span><\/p>\n<p style=\"text-align: justify;\"><span style=\"line-height: 1.3em;\">Ema havia escolhido esta maneira de servir a Deus, a mais dif\u00edcil e rara. Sua m\u00e3o se conservou intacta, nove s\u00e9culos e meio ap\u00f3s sua morte, sem d\u00favida como um sinal certo da sua mais caracter\u00edstica virtude: a generosidade.<\/span><\/p>\n<p style=\"text-align: justify;\"><span style=\"line-height: 1.3em;\">Esta verdadeira serva de Cristo, auxiliou o seu esposo celestial com a ora\u00e7\u00e3o e a caridade, merecendo a devo\u00e7\u00e3o n\u00e3o de um marido, mas de milh\u00f5es de crist\u00e3os. A Igreja a declarou Santa e oficializou o seu culto p\u00fablico, que j\u00e1 era celebrado a mais de nove s\u00e9culos, no dia de sua morte. O corpo de Santa Ema da Sax\u00f4nia, sem aquela m\u00e3o de que se falou, repousa na catedral de Brema, Alemanha.<\/span><\/p>\n<p>Santa\u00a0Ema da Sax\u00f4nia, rogai por n\u00f3s!<\/p>\n<p>&nbsp;<\/p>\n","protected":false},"excerpt":{"rendered":"<p>(Patrono das Causas Urgentes) Hoje nossa Igreja comemora o dia de Santo Expedito, Soldado Romano, traja uma capa vermelha e est\u00e1 com o p\u00e9 em cima de um corvo, ave conhecida pelos atrasos intermin\u00e1veis. O corvo grita sem fim Cras! Cras!, que significa amanh\u00e3 e, Santo Expedito que apresenta em uma das m\u00e3os, a cruz [&hellip;]<\/p>\n","protected":false},"author":1,"featured_media":22230,"comment_status":"closed","ping_status":"closed","sticky":false,"template":"","format":"standard","meta":{"footnotes":""},"categories":[32],"tags":[],"class_list":["post-2659","post","type-post","status-publish","format-standard","has-post-thumbnail","hentry","category-santo-do-dia"],"_links":{"self":[{"href":"https:\/\/catolicanet.net\/wp-cnet\/wp-json\/wp\/v2\/posts\/2659","targetHints":{"allow":["GET"]}}],"collection":[{"href":"https:\/\/catolicanet.net\/wp-cnet\/wp-json\/wp\/v2\/posts"}],"about":[{"href":"https:\/\/catolicanet.net\/wp-cnet\/wp-json\/wp\/v2\/types\/post"}],"author":[{"embeddable":true,"href":"https:\/\/catolicanet.net\/wp-cnet\/wp-json\/wp\/v2\/users\/1"}],"replies":[{"embeddable":true,"href":"https:\/\/catolicanet.net\/wp-cnet\/wp-json\/wp\/v2\/comments?post=2659"}],"version-history":[{"count":4,"href":"https:\/\/catolicanet.net\/wp-cnet\/wp-json\/wp\/v2\/posts\/2659\/revisions"}],"predecessor-version":[{"id":22232,"href":"https:\/\/catolicanet.net\/wp-cnet\/wp-json\/wp\/v2\/posts\/2659\/revisions\/22232"}],"wp:featuredmedia":[{"embeddable":true,"href":"https:\/\/catolicanet.net\/wp-cnet\/wp-json\/wp\/v2\/media\/22230"}],"wp:attachment":[{"href":"https:\/\/catolicanet.net\/wp-cnet\/wp-json\/wp\/v2\/media?parent=2659"}],"wp:term":[{"taxonomy":"category","embeddable":true,"href":"https:\/\/catolicanet.net\/wp-cnet\/wp-json\/wp\/v2\/categories?post=2659"},{"taxonomy":"post_tag","embeddable":true,"href":"https:\/\/catolicanet.net\/wp-cnet\/wp-json\/wp\/v2\/tags?post=2659"}],"curies":[{"name":"wp","href":"https:\/\/api.w.org\/{rel}","templated":true}]}}