{"id":2645,"date":"2013-04-09T11:54:38","date_gmt":"2013-04-09T14:54:38","guid":{"rendered":"http:\/\/catolicanet.net\/wp-cnet\/equipe-prepara-o-3o-encontro-regional-da-infancia-e-adolescencia-missionaria-em-sao-paulo\/"},"modified":"2017-03-21T15:00:21","modified_gmt":"2017-03-21T18:00:21","slug":"equipe-prepara-o-3o-encontro-regional-da-infancia-e-adolescencia-missionaria-em-sao-paulo","status":"publish","type":"post","link":"https:\/\/catolicanet.net\/wp-cnet\/equipe-prepara-o-3o-encontro-regional-da-infancia-e-adolescencia-missionaria-em-sao-paulo\/","title":{"rendered":"Equipe prepara o 3\u00ba Encontro Regional da Inf\u00e2ncia e Adolesc\u00eancia Mission\u00e1ria em S\u00e3o Paulo"},"content":{"rendered":"<p><p><span style=\"line-height: 1.3em; text-align: justify;\"><img decoding=\"async\" src=\"http:\/\/catolicanet.com.br\/images\/stories\/infancia_missionaria_sao_paulo.jpg\" border=\"0\" align=\"left\" \/>Foi realizado no dia 17 de mar\u00e7o uma reuni\u00e3o para dar prosseguimento \u00e0 prepara\u00e7\u00e3o do 3\u00ba Encontro Regional da Inf\u00e2ncia e Adolesc\u00eancia Mission\u00e1ria, que ser\u00e1 realizado em julho de 2013. O evento, promovido pela Inf\u00e2ncia e Adolesc\u00eancia Mission\u00e1ria (IAM) do Regional Sul 1 (S\u00e3o Paulo), acontecer\u00e1 na cidade de Joan\u00f3polis (SP), Diocese de Bragan\u00e7a Paulista, nos dias 5 a 7 de julho deste ano e tem como tema \u0093Inf\u00e2ncia e Adolesc\u00eancia Mission\u00e1ria: 170 anos de amor e compromisso a Miss\u00e3o\u0094 e lema \u0093Inf\u00e2ncia e Adolesc\u00eancia Mission\u00e1ria, jovens mission\u00e1rio do amanh\u00e3\u0094.<\/span><\/p><\/p>\n","protected":false},"excerpt":{"rendered":"<p>Foi realizado no dia 17 de mar\u00e7o uma reuni\u00e3o para dar prosseguimento \u00e0 prepara\u00e7\u00e3o do 3\u00ba Encontro Regional da Inf\u00e2ncia e Adolesc\u00eancia Mission\u00e1ria, que ser\u00e1 realizado em julho de 2013. O evento, promovido pela Inf\u00e2ncia e Adolesc\u00eancia Mission\u00e1ria (IAM) do Regional Sul 1 (S\u00e3o Paulo), acontecer\u00e1 na cidade de Joan\u00f3polis (SP), Diocese de Bragan\u00e7a Paulista, [&hellip;]<\/p>\n","protected":false},"author":1,"featured_media":0,"comment_status":"closed","ping_status":"closed","sticky":false,"template":"","format":"standard","meta":{"footnotes":""},"categories":[4],"tags":[],"class_list":["post-2645","post","type-post","status-publish","format-standard","hentry","category-cotidiano"],"_links":{"self":[{"href":"https:\/\/catolicanet.net\/wp-cnet\/wp-json\/wp\/v2\/posts\/2645","targetHints":{"allow":["GET"]}}],"collection":[{"href":"https:\/\/catolicanet.net\/wp-cnet\/wp-json\/wp\/v2\/posts"}],"about":[{"href":"https:\/\/catolicanet.net\/wp-cnet\/wp-json\/wp\/v2\/types\/post"}],"author":[{"embeddable":true,"href":"https:\/\/catolicanet.net\/wp-cnet\/wp-json\/wp\/v2\/users\/1"}],"replies":[{"embeddable":true,"href":"https:\/\/catolicanet.net\/wp-cnet\/wp-json\/wp\/v2\/comments?post=2645"}],"version-history":[{"count":1,"href":"https:\/\/catolicanet.net\/wp-cnet\/wp-json\/wp\/v2\/posts\/2645\/revisions"}],"predecessor-version":[{"id":7056,"href":"https:\/\/catolicanet.net\/wp-cnet\/wp-json\/wp\/v2\/posts\/2645\/revisions\/7056"}],"wp:attachment":[{"href":"https:\/\/catolicanet.net\/wp-cnet\/wp-json\/wp\/v2\/media?parent=2645"}],"wp:term":[{"taxonomy":"category","embeddable":true,"href":"https:\/\/catolicanet.net\/wp-cnet\/wp-json\/wp\/v2\/categories?post=2645"},{"taxonomy":"post_tag","embeddable":true,"href":"https:\/\/catolicanet.net\/wp-cnet\/wp-json\/wp\/v2\/tags?post=2645"}],"curies":[{"name":"wp","href":"https:\/\/api.w.org\/{rel}","templated":true}]}}