{"id":2628,"date":"2013-03-14T16:53:15","date_gmt":"2013-03-14T19:53:15","guid":{"rendered":"http:\/\/catolicanet.net\/wp-cnet\/novo-papa-francisco\/"},"modified":"2017-03-21T14:45:10","modified_gmt":"2017-03-21T17:45:10","slug":"novo-papa-francisco","status":"publish","type":"post","link":"https:\/\/catolicanet.net\/wp-cnet\/novo-papa-francisco\/","title":{"rendered":"Novo Papa: Francisco"},"content":{"rendered":"<p style=\"text-align: justify;\">\u00a0<\/p>\n<p style=\"text-align: justify;\"><img decoding=\"async\" src=\"http:\/\/catolicanet.com.br\/images\/stories\/papafrancisco.jpg\" border=\"0\" align=\"left\" \/>Francisco (em latim: Franciscus), nascido Jorge Mario Bergoglio SJ (Buenos Aires, 17 de dezembro de 1936) \u00e9 um religioso da Companhia de Jesus, atual Papa. Foi o arcebispo da Arquidiocese de Buenos Aires de 28 de fevereiro de 1998 at\u00e9 a sua elei\u00e7\u00e3o.<\/p>\n<p>Recebeu a ordena\u00e7\u00e3o presbiteral no dia 13 de dezembro de 1969, pelas m\u00e3os de Dom Ram\u00f3n Jos\u00e9 Castellano. Foi ordenado bispo no dia 27 de junho de 1992, pelas m\u00e3os de Antonio Quarracino, Dom Mario Jos\u00e9 Serra e Dom Eduardo Vicente Mir\u00e1s.<\/p>\n<p>Foi criado cardeal no consist\u00f3rio de 21 de fevereiro de 2001, presidido por Jo\u00e3o Paulo II, recebendo o t\u00edtulo de cardeal-presb\u00edtero de S\u00e3o Roberto Bellarmino.<\/p>\n<p>Foi escolhido Papa no dia 13 de mar\u00e7o de 2013 e adotou o nome de Francisco.<\/p>\n","protected":false},"excerpt":{"rendered":"<p>\u00a0 Francisco (em latim: Franciscus), nascido Jorge Mario Bergoglio SJ (Buenos Aires, 17 de dezembro de 1936) \u00e9 um religioso da Companhia de Jesus, atual Papa. Foi o arcebispo da Arquidiocese de Buenos Aires de 28 de fevereiro de 1998 at\u00e9 a sua elei\u00e7\u00e3o. Recebeu a ordena\u00e7\u00e3o presbiteral no dia 13 de dezembro de 1969, [&hellip;]<\/p>\n","protected":false},"author":1,"featured_media":0,"comment_status":"closed","ping_status":"closed","sticky":false,"template":"","format":"standard","meta":{"footnotes":""},"categories":[3],"tags":[],"class_list":["post-2628","post","type-post","status-publish","format-standard","hentry","category-vaticano"],"_links":{"self":[{"href":"https:\/\/catolicanet.net\/wp-cnet\/wp-json\/wp\/v2\/posts\/2628","targetHints":{"allow":["GET"]}}],"collection":[{"href":"https:\/\/catolicanet.net\/wp-cnet\/wp-json\/wp\/v2\/posts"}],"about":[{"href":"https:\/\/catolicanet.net\/wp-cnet\/wp-json\/wp\/v2\/types\/post"}],"author":[{"embeddable":true,"href":"https:\/\/catolicanet.net\/wp-cnet\/wp-json\/wp\/v2\/users\/1"}],"replies":[{"embeddable":true,"href":"https:\/\/catolicanet.net\/wp-cnet\/wp-json\/wp\/v2\/comments?post=2628"}],"version-history":[{"count":1,"href":"https:\/\/catolicanet.net\/wp-cnet\/wp-json\/wp\/v2\/posts\/2628\/revisions"}],"predecessor-version":[{"id":7041,"href":"https:\/\/catolicanet.net\/wp-cnet\/wp-json\/wp\/v2\/posts\/2628\/revisions\/7041"}],"wp:attachment":[{"href":"https:\/\/catolicanet.net\/wp-cnet\/wp-json\/wp\/v2\/media?parent=2628"}],"wp:term":[{"taxonomy":"category","embeddable":true,"href":"https:\/\/catolicanet.net\/wp-cnet\/wp-json\/wp\/v2\/categories?post=2628"},{"taxonomy":"post_tag","embeddable":true,"href":"https:\/\/catolicanet.net\/wp-cnet\/wp-json\/wp\/v2\/tags?post=2628"}],"curies":[{"name":"wp","href":"https:\/\/api.w.org\/{rel}","templated":true}]}}