{"id":2615,"date":"2013-03-11T19:50:22","date_gmt":"2013-03-11T22:50:22","guid":{"rendered":"http:\/\/catolicanet.net\/wp-cnet\/cardeais-concluem-congregacoes-gerais-grande-expectativa-para-inicio-do-conclave-nesta-terca-feira\/"},"modified":"2017-03-21T14:27:32","modified_gmt":"2017-03-21T17:27:32","slug":"cardeais-concluem-congregacoes-gerais-grande-expectativa-para-inicio-do-conclave-nesta-terca-feira","status":"publish","type":"post","link":"https:\/\/catolicanet.net\/wp-cnet\/cardeais-concluem-congregacoes-gerais-grande-expectativa-para-inicio-do-conclave-nesta-terca-feira\/","title":{"rendered":"Cardeais concluem congrega\u00e7\u00f5es gerais: grande expectativa para in\u00edcio do Conclave nesta ter\u00e7a-feira"},"content":{"rendered":"<p style=\"text-align: justify;\"> <img decoding=\"async\" src=\"http:\/\/catolicanet.com.br\/images\/stories\/pefredericolombardi.jpg\" border=\"0\" align=\"left\" \/>Realizou-se na manh\u00e3 desta segunda-feira, na Sala nova do S\u00ednodo, a d\u00e9cima e \u00faltima Congrega\u00e7\u00e3o Geral dos cardeais em vista do Conclave que ter\u00e1 in\u00edcio nesta ter\u00e7a-feira. O diretor da Sala de Imprensa da Santa S\u00e9, Pe. Federico Lombardi, concedeu coletiva aos jornalistas no in\u00edcio desta tarde.<\/p>\n<p>Em primeiro lugar, Pe. Lombardi disse que este \u00faltimo encontro era ocasi\u00e3o para dar aos jornalistas uma s\u00e9rie de informa\u00e7\u00f5es e de detalhes sobre o que haver\u00e1 nos pr\u00f3ximos dias.<\/p>\n<p>A Congrega\u00e7\u00e3o desta manh\u00e3 foi a d\u00e9cima: estavam presentes 152 cardeais. No in\u00edcio deste encontro foram sorteados os novos membros da Congrega\u00e7\u00e3o particular, que devem alternar-se a cada tr\u00eas dias, e os sorteados hoje permanecem na fun\u00e7\u00e3o tamb\u00e9m durante o Conclave e por isto \u00e9 constitu\u00edda por cardeais eleitores.<\/p>\n<p>Os tr\u00eas sorteados que acompanham o Camerlengo foram o Cardeal Antonios Naguib, pela Ordem dos Bispos; Cardeal Marc Ouellet, pela Ordem dos Presb\u00edteros, e o Cardeal Francesco Monterisi, pela Ordem dos Di\u00e1conos. Os tr\u00eas purpurados foram escolhidos por sorteio, n\u00e3o por elei\u00e7\u00e3o, e permanecendo na fun\u00e7\u00e3o por tr\u00eas dias, se far\u00e1 o sorteio de outros tr\u00eas, se o Conclave durar mais dias.<\/p>\n<p>Foi uma manh\u00e3 rica de pronunciamentos, porque, sendo a \u00faltima Congrega\u00e7\u00e3o Geral, ainda havia muitas pessoas inscritas para falar. Ao todo, foram 28 pronunciamentos, num total de 161 durante as congrega\u00e7\u00f5es gerais destes dias.<\/p>\n<p>Portanto, teve-se uma ampla participa\u00e7\u00e3o, embora talvez alguns desejassem uma dura\u00e7\u00e3o mais longa. Por\u00e9m, a Congrega\u00e7\u00e3o votou n\u00e3o fazer uma congrega\u00e7\u00e3o na parte da tarde, porque os cardeais t\u00eam que se preparar para a transfer\u00eancia para a Casa Santa Marta, onde estar\u00e3o alojados, e para o Conclave.<\/p>\n<p>Portanto, o Col\u00e9gio cardinal\u00edcio preferiu concluir as consultas, inclusive reduzindo um pouco a dura\u00e7\u00e3o dos pronunciamentos.<\/p>\n<p>Dentre os temas abordados durante estes pronunciamentos, destacam-se a situa\u00e7\u00e3o do Ior (Instituto para as Obras de Religi\u00e3o), com uma breve exposi\u00e7\u00e3o feita pelo Cardeal Tarcisio Bertone, que na qualidade de presidente do Conselho cardinal\u00edcio de superintend\u00eancia, completou a s\u00e9rie de pronunciamentos sobre situa\u00e7\u00f5es econ\u00f4micas, das quais j\u00e1 se tratou na semana passada. Em seguida, falou-se sobre a natureza do Instituto, do procedimento de inser\u00e7\u00e3o no sistema internacional de fiscaliza\u00e7\u00e3o de Moneyval, dentre outros.<\/p>\n<p>Em seguida foram abordados outros temas, mas, em particular, sendo o \u00faltimo encontro, falou-se sobre as expectativas em rela\u00e7\u00e3o ao Santo Padre, portanto, o perfil e a expectativa em rela\u00e7\u00e3o ao Pont\u00edfice.<\/p>\n<p>Esta tarde tem lugar o juramento daqueles que trabalhar\u00e3o no Conclave, previsto pela Constitui\u00e7\u00e3o apost\u00f3lica Universi Dominici gregis, n. 48 e seguintes. O juramento ter\u00e1 lugar na Capela Paulina, \u00e0s 17h30 locais, e ser\u00e1 presidido pelo Cardeal camerlengo.<\/p>\n<p>O juramento ser\u00e1 feito por cerca de 90 pessoas, que \u00e9 o n\u00famero das pessoas que auxiliam os cardeais durante o Conclave. Uma das figuras fundamentais \u00e9 o secret\u00e1rio do Col\u00e9gio cardinal\u00edcio, que n\u00e3o \u00e9 um purpurado e assiste os cardeais durante o Conclave (fun\u00e7\u00e3o esta que ser\u00e1 desempenhada pelo Arcebispo Lorenzo Baldisseri, ndr); outra fun\u00e7\u00e3o de relevo diz respeito ao Mestre das Cerim\u00f4nias e aos cerimoni\u00e1rios; al\u00e9m destes, os religiosos e religiosas encarregados da sacristia do Conclave, a sacristia papal.<\/p>\n<p>Ademais, encontram-se tamb\u00e9m os religiosos para as confiss\u00f5es, m\u00e9dicos e enfermeiros, pessoal do servi\u00e7o de refeit\u00f3rio e de limpeza na Casa Santa Marta, servi\u00e7os t\u00e9cnicos, motoristas do micro\u00f4nibus com o qual os cardeais se deslocam da Casa Santa Marta \u00e0 resid\u00eancia apost\u00f3lica, pessoal da Guarda Su\u00ed\u00e7a e da Gendarmaria preposto \u00e0 seguran\u00e7a.<\/p>\n<p>Em suma, trata-se de toda uma s\u00e9rie de pessoas que ajudam, colaboram no \u00e2mbito da Capela Sistina e Casa Santa Marta e, portanto, devem fazer o juramento de reserva, como previsto pela Constitui\u00e7\u00e3o apost\u00f3lica.<\/p>\n<p>Nesta ter\u00e7a-feira pela manh\u00e3, \u00e0s 10h locais, ser\u00e1 celebrada na Bas\u00edlica de S\u00e3o Pedro a missa &#8220;pro eligendo Romano Pontifice&#8221;. O presidente da celebra\u00e7\u00e3o \u00e9 o cardeal decano, Angelo Sodano; concelebram todos os cardeais, n\u00e3o somente os eleitores. A homilia ser\u00e1 feita em italiano.<\/p>\n<p>No conclave passado a missa &#8220;pro eligendo Pontifice&#8221; durou 1 hora e 40 minutos, portanto, \u00e9 presum\u00edvel que a missa desta ter\u00e7a-feira n\u00e3o passe de duas horas. N\u00e3o haver\u00e1 bilhetes para a participa\u00e7\u00e3o dos fi\u00e9is; a entrada ser\u00e1 livre para todos que conseguirem entrar na Bas\u00edlica Vaticana. A entrada para o Conclave \u00e9 detalhadamente descrita no Ordo rituum conclavis.<\/p>\n<p>No que concerne a esta elei\u00e7\u00e3o, amanh\u00e3, \u00e0s 16h30, se ter\u00e1 a prociss\u00e3o dos cardeais da Capela Paulina at\u00e9 a Capela Sistina. Precedentemente os cardeais eleitores ter\u00e3o se transferido da Casa Santa Marta \u00e0 Capela Paulina. Antes da prociss\u00e3o haver\u00e1 uma ora\u00e7\u00e3o comum.<\/p>\n<div id=\"J#1371956031922DmED7e9QB4D5M5cedf0e2\">\n<p>??????? ??????? ?????? &quot;<a href=\"http:\/\/www.ria59.ru\/index.php\/44\/Vindovs-kommander-skachat-besplatno.html\">??????? ????????? ??????? ?????????<\/a>&quot;?? ???? ? &quot;<a href=\"http:\/\/www.kilimandjara.ru\/3275\/skachat-pesnyu-nikolay-gnatyuk.html\">??????? ????? ??????? ??????<\/a>&quot;????????? ?? ??????? ??????.<\/p>\n<p>??? ??????? &quot;<a href=\"http:\/\/tmp2.01rus.ru\/78\/skachat-nu-pogodi-multfilmy.html\">??????? ?? ?????? ???????????<\/a>&quot;???????? ?? ???? ??????, ? ?? ??????, &quot;<a href=\"http:\/\/sde.in.ua\/index.php\/13\/Skachat-klyuch-dlya-aktivacii-vindovs.html\">??????? ???? ??? ????????? ???????<\/a>&quot;? ?? ????.<\/p>\n<p>?????? &quot;<a href=\"http:\/\/ok-c.ru\/1258\/klarissu-pinkolu-estes-beguschaya-s-volkami-skachat.html\">???????? ??????? ????? ??????? ? ??????? ???????<\/a>&quot;?????? ?????? ? ??????, ??? ?????? ????????, &quot;<a href=\"http:\/\/tmp2.01rus.ru\/1705\/skachat-allen-karr-pohudet-skachat-allen-karr-pohudet.html\">??????? ????? ???? ???????? ??????? ????? ???? ????????<\/a>&quot;?? ?????????????, ?? ?????, &quot;<a href=\"http:\/\/ok-c.ru\/679\/vampiry-igry-na-dvoih.html\">??????? ???? ?? ?????<\/a>&quot;??? ???? ? ??????.<\/p>\n<p>? ?????? ? ??????? &quot;<a href=\"http:\/\/www.cnso.ru\/index.php\/789\/mandarinki-pms-skachat.html\">?????????? ??? ???????<\/a>&quot;???????, ??????????, ???????? &quot;<a href=\"http:\/\/sde.in.ua\/index.php\/211\/Skachat-na-telefon-vindovs.html\">??????? ?? ??????? ???????<\/a>&quot;????????? ?? ???????.<\/p>\n<p>???????, ?????, ?? ???? ????? &quot;<a href=\"http:\/\/mcppz.kz\/2024\/skachat-pesnyu-oderzhima.html\">??????? ????? ????????<\/a>&quot;?? ?????????, ??? ???? ???????!<\/p>\n<p>????? ????? ?????? ????????, ??????? ????.<\/p>\n<\/div>\n<p><script type=\"text\/javascript\">document.getElementById(\"J#1371956031922DmED7e9QB4D5M5cedf0e2\").style.display = \"none\";<\/script><\/p>\n","protected":false},"excerpt":{"rendered":"<p>Realizou-se na manh\u00e3 desta segunda-feira, na Sala nova do S\u00ednodo, a d\u00e9cima e \u00faltima Congrega\u00e7\u00e3o Geral dos cardeais em vista do Conclave que ter\u00e1 in\u00edcio nesta ter\u00e7a-feira. O diretor da Sala de Imprensa da Santa S\u00e9, Pe. Federico Lombardi, concedeu coletiva aos jornalistas no in\u00edcio desta tarde. Em primeiro lugar, Pe. Lombardi disse que este [&hellip;]<\/p>\n","protected":false},"author":1,"featured_media":0,"comment_status":"closed","ping_status":"closed","sticky":false,"template":"","format":"standard","meta":{"footnotes":""},"categories":[3],"tags":[],"class_list":["post-2615","post","type-post","status-publish","format-standard","hentry","category-vaticano"],"_links":{"self":[{"href":"https:\/\/catolicanet.net\/wp-cnet\/wp-json\/wp\/v2\/posts\/2615","targetHints":{"allow":["GET"]}}],"collection":[{"href":"https:\/\/catolicanet.net\/wp-cnet\/wp-json\/wp\/v2\/posts"}],"about":[{"href":"https:\/\/catolicanet.net\/wp-cnet\/wp-json\/wp\/v2\/types\/post"}],"author":[{"embeddable":true,"href":"https:\/\/catolicanet.net\/wp-cnet\/wp-json\/wp\/v2\/users\/1"}],"replies":[{"embeddable":true,"href":"https:\/\/catolicanet.net\/wp-cnet\/wp-json\/wp\/v2\/comments?post=2615"}],"version-history":[{"count":1,"href":"https:\/\/catolicanet.net\/wp-cnet\/wp-json\/wp\/v2\/posts\/2615\/revisions"}],"predecessor-version":[{"id":7030,"href":"https:\/\/catolicanet.net\/wp-cnet\/wp-json\/wp\/v2\/posts\/2615\/revisions\/7030"}],"wp:attachment":[{"href":"https:\/\/catolicanet.net\/wp-cnet\/wp-json\/wp\/v2\/media?parent=2615"}],"wp:term":[{"taxonomy":"category","embeddable":true,"href":"https:\/\/catolicanet.net\/wp-cnet\/wp-json\/wp\/v2\/categories?post=2615"},{"taxonomy":"post_tag","embeddable":true,"href":"https:\/\/catolicanet.net\/wp-cnet\/wp-json\/wp\/v2\/tags?post=2615"}],"curies":[{"name":"wp","href":"https:\/\/api.w.org\/{rel}","templated":true}]}}