{"id":2603,"date":"2013-02-13T13:28:18","date_gmt":"2013-02-13T15:28:18","guid":{"rendered":"http:\/\/catolicanet.net\/wp-cnet\/bento-xvi-envia-mensagem-aos-brasileiros-no-inicio-da-campanha-da-fraternidade\/"},"modified":"2017-03-21T14:21:42","modified_gmt":"2017-03-21T17:21:42","slug":"bento-xvi-envia-mensagem-aos-brasileiros-no-inicio-da-campanha-da-fraternidade","status":"publish","type":"post","link":"https:\/\/catolicanet.net\/wp-cnet\/bento-xvi-envia-mensagem-aos-brasileiros-no-inicio-da-campanha-da-fraternidade\/","title":{"rendered":"Bento XVI envia mensagem aos brasileiros &#8230;"},"content":{"rendered":"<p style=\"text-align: justify;\"><strong>Bento XVI envia mensagem aos brasileiros no in\u00edcio da Campanha da Fraternidade<\/strong><\/p>\n<p style=\"text-align: justify;\">\u00a0<\/p>\n<p style=\"text-align: justify;\"><img decoding=\"async\" src=\"http:\/\/catolicanet.com.br\/images\/stories\/bentoxviderosto.jpg\" border=\"0\" align=\"left\" \/>Neste dia 13 de fevereiro, quarta-feira de Cinzas, ser\u00e1 lan\u00e7ada a Campanha da Fraternidade (CF), com o tema \u0093Fraternidade e Juventude\u0094 e o lema \u0093Eis-me aqui, envia-me!\u0094 (Is 6,8). O Papa Bento XVI enviou uma mensagem para o in\u00edcio da Campanha.<\/p>\n<p><strong>Queridos irm\u00e3os e irm\u00e3s,<\/strong><\/p>\n<p>Diante de n\u00f3s se abre o caminho da Quaresma, permeado de ora\u00e7\u00e3o, penit\u00eancia e caridade, que nos prepara para vivenciar e participar mais profundamente na paix\u00e3o, morte e ressurrei\u00e7\u00e3o de Jesus Cristo. No Brasil, esta prepara\u00e7\u00e3o tem encontrado um v\u00e1lido apoio e est\u00edmulo na Campanha da Fraternidade, que este ano chega \u00e0 sua quinquag\u00e9sima realiza\u00e7\u00e3o e se reveste j\u00e1 das tonalidades espirituais da XXVII Jornada Mundial da Juventude no Rio de Janeiro em julho pr\u00f3ximo: da\u00ed o seu tema \u0093Fraternidade e Juventude\u0094, proposto pela Confer\u00eancia Episcopal Nacional com a esperan\u00e7a de ver multiplicada nos jovens de hoje a mesma resposta que dera a Deus o profeta Isa\u00edas: \u0093Eis-me aqui, envia-me!\u0094(6,8).<br \/>De bom grado associo-me a esta iniciativa quaresmal da Igreja no Brasil, enviando a todos e cada um a minha cordial sauda\u00e7\u00e3o no Senhor, a quem confio os esfor\u00e7os de quantos se empenham por ajudar os jovens a tornar-se \u0096 como lhes pedi em S\u00e3o Paulo \u0096 \u0093protagonistas de uma sociedade mais justa e mais fraterna inspirada no Evangelho\u0094 (Discurso aos jovens brasileiros, 10\/05\/2007). \u00c9 que os \u0093sinais dos tempos\u0094, na sociedade e na Igreja, surgem tamb\u00e9m atrav\u00e9s dos jovens; menosprezar estes sinais ou n\u00e3o os saber discernir \u00e9 perder ocasi\u00f5es de renova\u00e7\u00e3o. Se eles forem o presente, ser\u00e3o tamb\u00e9m o futuro. Queremos os jovens protagonistas integrados na comunidade que os acolhe, demonstrando a confian\u00e7a que a Igreja deposita em cada um deles. Isto requer guias \u0096 padres, consagrados ou leigos \u0096 que permane\u00e7am novos por dentro, mesmo que o n\u00e3o sejam de idade, mas capazes de fazer caminho sem impor rumos, de empatia solid\u00e1ria, de dar testemunho de salva\u00e7\u00e3o, que a f\u00e9 e o seguimento de Jesus Cristo cada dia alimentam.<br \/>Por isso, convido os jovens brasileiros a buscarem sempre mais no Evangelho de Jesus o sentido da vida, a certeza de que \u00e9 atrav\u00e9s da amizade com Cristo que experimentamos o que \u00e9 belo e nos redime: \u0093Agora que isto tocou os teus l\u00e1bios, tua culpa est\u00e1 sendo tirada, teu pecado, perdoado\u0094 (Is 6,7). Desse encontro transformador, que desejo a cada jovem brasileiro, surge a plena disponibilidade de quem se deixa invadir por um Deus que salva: \u0093Eis-me aqui, envia-me!\u0092 aos meus coet\u00e2neos\u0094 &#8211; ajudando-lhes a descobrir a for\u00e7a e a beleza da f\u00e9 no meio dos \u0093desertos (espirituais) do mundo contempor\u00e2neo, em que se deve levar apenas o que \u00e9 essencial: (\u0085) o Evangelho e a f\u00e9 da Igreja, dos quais os documentos do Conc\u00edlio Vaticano II s\u00e3o uma express\u00e3o luminosa, assim como o \u00e9 o Catecismo da Igreja Cat\u00f3lica\u0094 (Homilia na abertura do Ano da F\u00e9, 11\/10\/2012).<br \/>Que o Senhor conceda a todos a alegria de crer n\u0092Ele, de crescer na sua amizade, de segui-Lo no caminho da vida e testemunh\u00e1-Lo em todas situa\u00e7\u00f5es, para transmitir \u00e0 gera\u00e7\u00e3o seguinte a imensa riqueza e beleza da f\u00e9 em Jesus Cristo. Com votos de uma Quaresma frutuosa na vida de cada brasileiro, especialmente das novas gera\u00e7\u00f5es, sob a prote\u00e7\u00e3o maternal de Nossa Senhora Aparecia, a todos concedo uma especial B\u00ean\u00e7\u00e3o Apost\u00f3lica<br \/>Vaticano, 8 de fevereiro de 2013<\/p>\n<p><strong>Fonte: <\/strong>R\u00e1dio Vaticano<br \/><strong>Local:<\/strong> Cidade do Vaticano<\/p>\n","protected":false},"excerpt":{"rendered":"<p>Bento XVI envia mensagem aos brasileiros no in\u00edcio da Campanha da Fraternidade \u00a0 Neste dia 13 de fevereiro, quarta-feira de Cinzas, ser\u00e1 lan\u00e7ada a Campanha da Fraternidade (CF), com o tema \u0093Fraternidade e Juventude\u0094 e o lema \u0093Eis-me aqui, envia-me!\u0094 (Is 6,8). O Papa Bento XVI enviou uma mensagem para o in\u00edcio da Campanha. Queridos [&hellip;]<\/p>\n","protected":false},"author":1,"featured_media":0,"comment_status":"closed","ping_status":"closed","sticky":false,"template":"","format":"standard","meta":{"footnotes":""},"categories":[7],"tags":[],"class_list":["post-2603","post","type-post","status-publish","format-standard","hentry","category-cnbb"],"_links":{"self":[{"href":"https:\/\/catolicanet.net\/wp-cnet\/wp-json\/wp\/v2\/posts\/2603","targetHints":{"allow":["GET"]}}],"collection":[{"href":"https:\/\/catolicanet.net\/wp-cnet\/wp-json\/wp\/v2\/posts"}],"about":[{"href":"https:\/\/catolicanet.net\/wp-cnet\/wp-json\/wp\/v2\/types\/post"}],"author":[{"embeddable":true,"href":"https:\/\/catolicanet.net\/wp-cnet\/wp-json\/wp\/v2\/users\/1"}],"replies":[{"embeddable":true,"href":"https:\/\/catolicanet.net\/wp-cnet\/wp-json\/wp\/v2\/comments?post=2603"}],"version-history":[{"count":1,"href":"https:\/\/catolicanet.net\/wp-cnet\/wp-json\/wp\/v2\/posts\/2603\/revisions"}],"predecessor-version":[{"id":7024,"href":"https:\/\/catolicanet.net\/wp-cnet\/wp-json\/wp\/v2\/posts\/2603\/revisions\/7024"}],"wp:attachment":[{"href":"https:\/\/catolicanet.net\/wp-cnet\/wp-json\/wp\/v2\/media?parent=2603"}],"wp:term":[{"taxonomy":"category","embeddable":true,"href":"https:\/\/catolicanet.net\/wp-cnet\/wp-json\/wp\/v2\/categories?post=2603"},{"taxonomy":"post_tag","embeddable":true,"href":"https:\/\/catolicanet.net\/wp-cnet\/wp-json\/wp\/v2\/tags?post=2603"}],"curies":[{"name":"wp","href":"https:\/\/api.w.org\/{rel}","templated":true}]}}