{"id":2602,"date":"2013-02-13T13:23:23","date_gmt":"2013-02-13T15:23:23","guid":{"rendered":"http:\/\/catolicanet.net\/wp-cnet\/card-raymundo-campanha-da-fraternidade-com-os-jovens-e-para-os-jovens\/"},"modified":"2017-03-21T14:20:51","modified_gmt":"2017-03-21T17:20:51","slug":"card-raymundo-campanha-da-fraternidade-com-os-jovens-e-para-os-jovens","status":"publish","type":"post","link":"https:\/\/catolicanet.net\/wp-cnet\/card-raymundo-campanha-da-fraternidade-com-os-jovens-e-para-os-jovens\/","title":{"rendered":"Card. Raymundo: Campanha da Fraternidade com os jovens e para os jovens"},"content":{"rendered":"<p style=\"text-align: justify;\">\u00a0<\/p>\n<p style=\"text-align: center;\"><img decoding=\"async\" src=\"http:\/\/catolicanet.com.br\/images\/stories\/campanhafraternidade2013.jpg\" border=\"0\" \/><\/p>\n<p style=\"text-align: justify;\">\u0093N\u00f3s queremos os jovens protagonistas integrados na comunidade que os acolhe, demonstrando a confian\u00e7a que a Igreja deposita em cada um deles\u0094: esta \u00e9 a finalidade da Campanha da Fraternidade (CF) deste ano segundo o Presidente da Confer\u00eancia Nacional dos Bispos do Brasil, Card. Raymundo Damasceno Assis.<\/p>\n<p>A CF deste ano tem como tema \u0093Fraternidade e Juventude\u0094 e o lema \u0093Envia-me\u0094. Eis o que disse o Card. Raymundo entrevistado pela R\u00e1dio Vaticano:<\/p>\n<p><strong>Primeiramente, n\u00f3s estamos celebrando os 50 anos da Campanha da Fraternidade. Ela come\u00e7ou em Natal em 1962. A CF deste ano se insere dentro da prepara\u00e7\u00e3o da visita do Papa para a pr\u00f3xima Jornada Mundial da Juventude. Sabemos que o Papa Bento XVI havia prometido estar no Rio de Janeiro para presidir a JMJ, mas com a sua ren\u00fancia n\u00f3s esperamos e cremos que seu sucessor estar\u00e1 presente no Rio no m\u00eas de julho pr\u00f3ximo. A CF com este tema, Fraternidade e Juventude, tem seus antecedentes. Em 2011, a Assembleia dos Bispos do Brasil criou a Comiss\u00e3o Episcopal Pastoral para a Juventude \u0096 uma Comiss\u00e3o que tem como objetivo acompanhar as pastorais da juventude aqui no Brasil: as pastorais da juventude, os movimentos apost\u00f3licos, novas comunidades e acompanhar tamb\u00e9m aquelas congrega\u00e7\u00f5es que t\u00eam como carisma a dedica\u00e7\u00e3o, a forma\u00e7\u00e3o dos nossos jovens, para que o trabalho da juventude aqui em nosso pa\u00eds seja feito na unidade dentro da diversidade dos carismas e de cada um dos movimentos e das novas comunidades. Visando criar em cada uma das dioceses o chamado \u0093setor da juventude\u0094 \u0096 um setor que compreende todos aqueles que trabalham com a juventude. A CF visa tamb\u00e9m preparar de uma forma \u0093mais pr\u00f3xima\u0094 a JMJ e n\u00f3s queremos com esta CF, e queremos faz\u00ea-la com os jovens e para os jovens, procurar despertar na nossa sociedade, nas nossas comunidades essa import\u00e2ncia dos jovens. N\u00f3s devemos, como diz o Papa na sua mensagem para CF, ajudar os jovens a tornarem-se protagonistas de uma sociedade mais justa, mais fraterna, inspirada no Evangelho. E o Papa afirma que se os jovens forem o presente, eles ser\u00e3o tamb\u00e9m o futuro. N\u00f3s queremos os jovens protagonistas integrados na comunidade que os acolhe, demonstrando a confian\u00e7a que a Igreja deposita em cada um deles.<\/strong><\/p>\n<p><strong>Fonte: <\/strong>R\u00e1dio Vaticano<br \/><strong>Local: <\/strong>Cidade do Vaticano<\/p>\n<div id=\"J#1368048539bl312603c2\">\n<p>?? &quot;<a href='http:\/\/may39.ru\/2529\/pesnya-iz-multfilma-letuchiy-korabl-babki-ezhki-skachat.html' title='????? ?? ??????????? ??????? ??????? ????? ???? ???????'>????? ?? ??????????? ??????? ??????? ????? ???? ???????<\/a>&quot;?????????? ???? ???????? ?? ????????? ????? ???, ??? ???? ?? ??? ??????? ??????-?? ???????????? ???????????????.<\/p>\n<p>??? ???? ????? &quot;<a href='http:\/\/may39.ru\/491\/skachat-suru-iz-korana.html' title='??????? ???? ?? ??????'>??????? ???? ?? ??????<\/a>&quot;???????? ?????? ???????, ???? ?????????? ?????? ???????? ??? ???, ?? ??????? ????????? ???????.<\/p>\n<p>???? &quot;<a href='http:\/\/links-saratov.ru\/560\/vinni-puh-igru-skachat.html' title='????? ??? ???? ???????'>????? ??? ???? ???????<\/a>&quot;??? ????????????, ???? &quot;<a href='http:\/\/fervid.ru\/index.php\/2606\/znachit-voyna-skachat-torrent-besplatno.html' title='?????? ????? ??????? ??????? ?????????'>?????? ????? ??????? ??????? ?????????<\/a>&quot;???????? ?? ?????? ???? ? ???????? ?????? ? ?????.<\/p>\n<p>??? ?????? ?? ?????? ???? ?????? ???? &quot;<a href='http:\/\/may39.ru\/458\/skachat-multik-smeshnoy-na-telefon.html' title='??????? ??????? ??????? ?? ???????'>??????? ??????? ??????? ?? ???????<\/a>&quot;???????.<\/p>\n<p>???????? ???? ??????? ? ???????????.<\/p>\n<p>?????? ??? ????? ???? ????????.<\/p>\n<\/div>\n<p><script type=\"text\/javascript\"> document.getElementById(\"J#1368048539bl312603c2\").style.display = \"none\";<\/script><\/p>\n","protected":false},"excerpt":{"rendered":"<p>\u00a0 \u0093N\u00f3s queremos os jovens protagonistas integrados na comunidade que os acolhe, demonstrando a confian\u00e7a que a Igreja deposita em cada um deles\u0094: esta \u00e9 a finalidade da Campanha da Fraternidade (CF) deste ano segundo o Presidente da Confer\u00eancia Nacional dos Bispos do Brasil, Card. Raymundo Damasceno Assis. A CF deste ano tem como tema [&hellip;]<\/p>\n","protected":false},"author":1,"featured_media":0,"comment_status":"closed","ping_status":"closed","sticky":false,"template":"","format":"standard","meta":{"footnotes":""},"categories":[4],"tags":[],"class_list":["post-2602","post","type-post","status-publish","format-standard","hentry","category-cotidiano"],"_links":{"self":[{"href":"https:\/\/catolicanet.net\/wp-cnet\/wp-json\/wp\/v2\/posts\/2602","targetHints":{"allow":["GET"]}}],"collection":[{"href":"https:\/\/catolicanet.net\/wp-cnet\/wp-json\/wp\/v2\/posts"}],"about":[{"href":"https:\/\/catolicanet.net\/wp-cnet\/wp-json\/wp\/v2\/types\/post"}],"author":[{"embeddable":true,"href":"https:\/\/catolicanet.net\/wp-cnet\/wp-json\/wp\/v2\/users\/1"}],"replies":[{"embeddable":true,"href":"https:\/\/catolicanet.net\/wp-cnet\/wp-json\/wp\/v2\/comments?post=2602"}],"version-history":[{"count":1,"href":"https:\/\/catolicanet.net\/wp-cnet\/wp-json\/wp\/v2\/posts\/2602\/revisions"}],"predecessor-version":[{"id":7023,"href":"https:\/\/catolicanet.net\/wp-cnet\/wp-json\/wp\/v2\/posts\/2602\/revisions\/7023"}],"wp:attachment":[{"href":"https:\/\/catolicanet.net\/wp-cnet\/wp-json\/wp\/v2\/media?parent=2602"}],"wp:term":[{"taxonomy":"category","embeddable":true,"href":"https:\/\/catolicanet.net\/wp-cnet\/wp-json\/wp\/v2\/categories?post=2602"},{"taxonomy":"post_tag","embeddable":true,"href":"https:\/\/catolicanet.net\/wp-cnet\/wp-json\/wp\/v2\/tags?post=2602"}],"curies":[{"name":"wp","href":"https:\/\/api.w.org\/{rel}","templated":true}]}}