{"id":2598,"date":"2013-02-08T12:55:51","date_gmt":"2013-02-08T14:55:51","guid":{"rendered":"http:\/\/catolicanet.net\/wp-cnet\/presidente-da-oab-visita-sede-da-cnbb\/"},"modified":"2017-03-21T14:18:35","modified_gmt":"2017-03-21T17:18:35","slug":"presidente-da-oab-visita-sede-da-cnbb","status":"publish","type":"post","link":"https:\/\/catolicanet.net\/wp-cnet\/presidente-da-oab-visita-sede-da-cnbb\/","title":{"rendered":"Presidente da OAB visita sede da CNBB"},"content":{"rendered":"<p style=\"text-align: center;\">\u00a0<\/p>\n<p style=\"text-align: justify;\">O novo presidente nacional da Ordem dos Advogados do Brasil (OAB), o  advogado Marcus Vinicius Furtado Coelho, visitou na manh\u00e3 desta  sexta-feira, 8 de fevereiro, a sede da CNBB, em Bras\u00edlia (DF). Ele foi  recebido pelo presidente da Confer\u00eancia, cardeal Raymundo Damasceno  Assis, e pelo secret\u00e1rio-geral, dom Leonardo Ulrich Steiner.<\/p>\n<p>A  elei\u00e7\u00e3o do novo presidente da OAB ocorreu no \u00faltimo dia 31 de janeiro.  Na visita de hoje, Marcus Vinicius entregou o convite para a solenidade  de posse, marcada para 12 de mar\u00e7o. \u0093Grandes causas de nosso pa\u00eds foram  exitosas com a parceria entre as duas entidades, pois representam a  sociedade brasileira, e devem permanecer unidas em grandes temas\u0094,  afirmou.<\/p>\n<p>Dom Damasceno presenteou o presidente da OAB com o texto  base da Campanha da Fraternidade 2013, que ser\u00e1 lan\u00e7ada na pr\u00f3xima  Quarta-feira de Cinzas, 13 de fevereiro, com o tema \u0093Fraternidade e  Juventude\u0094 e o lema \u0093Eis-me aqui, envia-me!\u0094 (Is 6,8). \u0093Esta iniciativa  vem em boa hora, pois busca acolher e valorizar o jovem. A OAB est\u00e1  irmanada com a CNBB nesta discuss\u00e3o acerca da juventude de nosso pa\u00eds\u0094,  declarou o advogado.<\/p>\n<p><\/p>\n","protected":false},"excerpt":{"rendered":"<p>\u00a0 O novo presidente nacional da Ordem dos Advogados do Brasil (OAB), o advogado Marcus Vinicius Furtado Coelho, visitou na manh\u00e3 desta sexta-feira, 8 de fevereiro, a sede da CNBB, em Bras\u00edlia (DF). Ele foi recebido pelo presidente da Confer\u00eancia, cardeal Raymundo Damasceno Assis, e pelo secret\u00e1rio-geral, dom Leonardo Ulrich Steiner. A elei\u00e7\u00e3o do novo [&hellip;]<\/p>\n","protected":false},"author":1,"featured_media":0,"comment_status":"closed","ping_status":"closed","sticky":false,"template":"","format":"standard","meta":{"footnotes":""},"categories":[7],"tags":[],"class_list":["post-2598","post","type-post","status-publish","format-standard","hentry","category-cnbb"],"_links":{"self":[{"href":"https:\/\/catolicanet.net\/wp-cnet\/wp-json\/wp\/v2\/posts\/2598","targetHints":{"allow":["GET"]}}],"collection":[{"href":"https:\/\/catolicanet.net\/wp-cnet\/wp-json\/wp\/v2\/posts"}],"about":[{"href":"https:\/\/catolicanet.net\/wp-cnet\/wp-json\/wp\/v2\/types\/post"}],"author":[{"embeddable":true,"href":"https:\/\/catolicanet.net\/wp-cnet\/wp-json\/wp\/v2\/users\/1"}],"replies":[{"embeddable":true,"href":"https:\/\/catolicanet.net\/wp-cnet\/wp-json\/wp\/v2\/comments?post=2598"}],"version-history":[{"count":1,"href":"https:\/\/catolicanet.net\/wp-cnet\/wp-json\/wp\/v2\/posts\/2598\/revisions"}],"predecessor-version":[{"id":7019,"href":"https:\/\/catolicanet.net\/wp-cnet\/wp-json\/wp\/v2\/posts\/2598\/revisions\/7019"}],"wp:attachment":[{"href":"https:\/\/catolicanet.net\/wp-cnet\/wp-json\/wp\/v2\/media?parent=2598"}],"wp:term":[{"taxonomy":"category","embeddable":true,"href":"https:\/\/catolicanet.net\/wp-cnet\/wp-json\/wp\/v2\/categories?post=2598"},{"taxonomy":"post_tag","embeddable":true,"href":"https:\/\/catolicanet.net\/wp-cnet\/wp-json\/wp\/v2\/tags?post=2598"}],"curies":[{"name":"wp","href":"https:\/\/api.w.org\/{rel}","templated":true}]}}