{"id":23043,"date":"2023-11-09T00:00:32","date_gmt":"2023-11-09T03:00:32","guid":{"rendered":"http:\/\/catolicanet.net\/wp-cnet\/?p=23043"},"modified":"2023-01-02T17:31:40","modified_gmt":"2023-01-02T20:31:40","slug":"sao-teodoro","status":"publish","type":"post","link":"https:\/\/catolicanet.net\/wp-cnet\/sao-teodoro\/","title":{"rendered":"S\u00e3o Teodoro"},"content":{"rendered":"<p style=\"text-align: justify;\">O santo de hoje, S\u00e3o Teodoro, foi um soldado que acabou sendo decapitado na Prov\u00edncia do Ponto por confessar a f\u00e9 crist\u00e3.Era j\u00e1 venerado no s\u00e9culo IV. Achaita (Tchorum, Turquia), onde se encontra o seu t\u00famulo, atraiu durante muito tempo os peregrinos.<\/p>\n<p style=\"text-align: justify;\">Nada confi\u00e1vel se sabe sobre S\u00e3o Teodoro, exceto que ele foi martirizado no in\u00edcio do s\u00e9culo IV. As hist\u00f3rias sobre sua vida e mart\u00edrio s\u00e3o todas lend\u00e1rias.<\/p>\n<p style=\"text-align: justify;\">Segundo elas, Teodoro era um recruta servindo no ex\u00e9rcito romano em Am\u00e1sia, na prov\u00edncia de Amasya, na Turquia, a cerca de 50 quil\u00f4metros ao sul da costa do Mar Negro em Sinope. Quando ele se recusou a se juntar aos colegas nos ritos pag\u00e3os de adora\u00e7\u00e3o, foi preso, mas, talvez por causa de sua pouca idade, acabou sendo libertado com uma advert\u00eancia. Por\u00e9m, ele protestou novamente contra o paganismo ateando fogo ao templo de Cibele em Am\u00e1sia. Desta vez acabou sendo condenado \u00e0 morte e, depois de muita tortura, foi executado ao ser atirado vivo numa fornalha.<\/p>\n<p style=\"text-align: justify;\">Conta-se que seus restos foram obtidos por uma mulher de Eus\u00e9bia e enterrados em Eucaita, onde ele teria nascido. Uma antiga cidade bizantina que n\u00e3o existe mais, acredita-se que corresponda \u00e0 moderna Avkhat, que fica a cerca de 50 quil\u00f4metros de Am\u00e1sia. Um templo teria sido erguido no local, que passou a atrair peregrinos.<\/p>\n<p style=\"text-align: justify;\">S\u00e3o Greg\u00f3rio de Nissa pregou em sua homenagem em seu santu\u00e1rio no final do s\u00e9culo IV e esta \u00e9 a mais antiga fonte de informa\u00e7\u00f5es sobre Teodoro. S\u00e3o Greg\u00f3rio n\u00e3o disse nada sobre S\u00e3o Teodoro al\u00e9m da lenda b\u00e1sica j\u00e1 relatada, mas contou como ele influenciava a vida de seus fieis e menciona especificamente que ele ajudava nas batalhas, um dos atributos mais importantes de S\u00e3o Teodoro.<\/p>\n<p style=\"text-align: justify;\">Adi\u00e7\u00f5es posteriores \u00e0 hist\u00f3ria, entre os s\u00e9culos VIII e X, relatam que um drag\u00e3o estava aterrorizando a regi\u00e3o de Am\u00e1sia e que foi derrotado por S\u00e3o Teodoro com a ajuda de uma cruz. Am\u00e1sia ficava na \u00e9poca em uma regi\u00e3o vulner\u00e1vel a ataques de invasores em marcha, contra quem dizia-se que santo intervinha. O santu\u00e1rio continuou a ser visitado at\u00e9 cerca de 1100, quando a regi\u00e3o toda foi ocupada pelos mu\u00e7ulmanos.<\/p>\n<p style=\"text-align: justify;\">A lenda depressa lhe embelezou a mem\u00f3ria, atribuindo-lhe toda a esp\u00e9cie de aventuras, em particular, como a S\u00e3o Jorge, ter matado um drag\u00e3o.<\/p>\n<p style=\"text-align: justify;\">Com S\u00e3o Jorge e S\u00e3o Dem\u00e9trio, \u00e9 um dos \u201ctr\u00eas grandes soldados m\u00e1rtires\u201d, para os Orientais.<\/p>\n<p style=\"text-align: justify;\">S\u00e3o Teodoro, rogai por n\u00f3s!<\/p>\n","protected":false},"excerpt":{"rendered":"<p>O santo de hoje, S\u00e3o Teodoro, foi um soldado que acabou sendo decapitado na Prov\u00edncia do Ponto por confessar a f\u00e9 crist\u00e3.Era j\u00e1 venerado no s\u00e9culo IV. Achaita (Tchorum, Turquia), onde se encontra o seu t\u00famulo, atraiu durante muito tempo os peregrinos. Nada confi\u00e1vel se sabe sobre S\u00e3o Teodoro, exceto que ele foi martirizado no [&hellip;]<\/p>\n","protected":false},"author":1,"featured_media":23044,"comment_status":"open","ping_status":"open","sticky":false,"template":"","format":"standard","meta":{"footnotes":""},"categories":[32],"tags":[],"class_list":["post-23043","post","type-post","status-publish","format-standard","has-post-thumbnail","hentry","category-santo-do-dia"],"_links":{"self":[{"href":"https:\/\/catolicanet.net\/wp-cnet\/wp-json\/wp\/v2\/posts\/23043","targetHints":{"allow":["GET"]}}],"collection":[{"href":"https:\/\/catolicanet.net\/wp-cnet\/wp-json\/wp\/v2\/posts"}],"about":[{"href":"https:\/\/catolicanet.net\/wp-cnet\/wp-json\/wp\/v2\/types\/post"}],"author":[{"embeddable":true,"href":"https:\/\/catolicanet.net\/wp-cnet\/wp-json\/wp\/v2\/users\/1"}],"replies":[{"embeddable":true,"href":"https:\/\/catolicanet.net\/wp-cnet\/wp-json\/wp\/v2\/comments?post=23043"}],"version-history":[{"count":1,"href":"https:\/\/catolicanet.net\/wp-cnet\/wp-json\/wp\/v2\/posts\/23043\/revisions"}],"predecessor-version":[{"id":23045,"href":"https:\/\/catolicanet.net\/wp-cnet\/wp-json\/wp\/v2\/posts\/23043\/revisions\/23045"}],"wp:featuredmedia":[{"embeddable":true,"href":"https:\/\/catolicanet.net\/wp-cnet\/wp-json\/wp\/v2\/media\/23044"}],"wp:attachment":[{"href":"https:\/\/catolicanet.net\/wp-cnet\/wp-json\/wp\/v2\/media?parent=23043"}],"wp:term":[{"taxonomy":"category","embeddable":true,"href":"https:\/\/catolicanet.net\/wp-cnet\/wp-json\/wp\/v2\/categories?post=23043"},{"taxonomy":"post_tag","embeddable":true,"href":"https:\/\/catolicanet.net\/wp-cnet\/wp-json\/wp\/v2\/tags?post=23043"}],"curies":[{"name":"wp","href":"https:\/\/api.w.org\/{rel}","templated":true}]}}