{"id":22960,"date":"2023-10-12T00:00:30","date_gmt":"2023-10-12T03:00:30","guid":{"rendered":"http:\/\/catolicanet.net\/wp-cnet\/?p=22960"},"modified":"2023-01-02T17:23:58","modified_gmt":"2023-01-02T20:23:58","slug":"nossa-senhora-aparecida-4","status":"publish","type":"post","link":"https:\/\/catolicanet.net\/wp-cnet\/nossa-senhora-aparecida-4\/","title":{"rendered":"Nossa Senhora Aparecida"},"content":{"rendered":"<p style=\"text-align: justify;\">Comemorando-se neste dia a Solenidade da Padroeira do Brasil, vamos dar um hist\u00f3rico dessa devo\u00e7\u00e3o nacional.<\/p>\n<p style=\"text-align: justify;\">Comecemos pela narrativa do P. Jos\u00e9 Alves Vilela, Vig\u00e1rio de Guaratinguet\u00e1 de 1725 a 1745: \u201cNa segunda quinzena de outubro de 1717\u2033, passando por esta vila de Guaratinguet\u00e1 para as Minas o Governador delas e de S. Paulo, o conde Assumar, Dom Pedro de Almeida, foram notificados pela C\u00e2mara os pescadores, para apresentarem todo o peixe que pudessem haver para o dito Governador. Entre muitos, foram a pescar Domingos M. Garcia, Jo\u00e3o Alves e Filipe Pedroso, em suas canoas. E principalmente a lan\u00e7ar suas redes no porto de Jos\u00e9 Correa Leite, continuaram at\u00e9 o Porto de Itagua\u00e7u, dist\u00e2ncia bastante, sem tirar peixe algum. E lan\u00e7ado neste porto Jo\u00e3o Alves a sua rede de arrasto, tirou o corpo da Senhora, sem cabe\u00e7a; e lan\u00e7ando mais abaixo outra vez a rede, tirou a cabe\u00e7a da mesma Senhora, n\u00e3o se sabendo nunca quem ali a lan\u00e7asse. Guardou o inventor esta imagem em um tal ou qual pano; e continuando a pescaria, n\u00e3o tendo at\u00e9 ent\u00e3o tomado peixe algum, dali por diante foi t\u00e3o copiosa a pescaria em poucos lan\u00e7os, que receosos os companheiros de naufragarem pelo muito peixe que tinham nas canoas, se retiraram a suas vivendas, admirados deste sucesso. Filipe Pedroso conservou esta imagem seis anos, pouco mais ou menos, em sua casa, perto a Louren\u00e7o de S\u00e1; e passando para a Ponte Alta, ali a conservou em sua casa, nove anos, pouco mais ou menos. Daqui se passou a morar em Itagua\u00e7u, onde deu a imagem a seu filho Atan\u00e1sio Pedroso, o qual lhe fez orat\u00f3rio tal e qual; e em um altar de paus colocou a Senhora, onde todos os s\u00e1bados se ajuntava a vizinhan\u00e7a a cantar o ter\u00e7o e mais devo\u00e7\u00f5es. Em uma destas ocasi\u00f5es se apagaram duas luzes de cera da terra repentinamente, que alumiavam a Senhora, estando a noite serena; e querendo logo Silvana da Rocha acender as luzes apagadas, tamb\u00e9m se viram acessas, sem intervir dilig\u00eancia alguma; foi este o primeiro prod\u00edgio.\u201d<\/p>\n<p style=\"text-align: justify;\">Esse e outros fatos semelhantes se deram. Foi edificada uma capelinha e depois uma maior. A 24 de junho de 1888 foi bento solenemente o templo, hoje chamado de \u201cbas\u00edlica velha\u201d. A monumental bas\u00edlica atual foi consagrada pelo papa Jo\u00e3o Paulo II no dia 4 de julho de 1980.A 28 de outubro de 1894, como padres capel\u00e3es e mission\u00e1rios de Nossa Senhora Aparecida, chegaram os primeiros padres e irm\u00e3os redentoristas, vindos da Baviera, a convite pessoal de Dom Joaquim Arcoverde, ent\u00e3o bispo de S. Paulo. Da\u00ed em diante os filhos de santo Afonso v\u00eam prestando assist\u00eancia religiosa as multid\u00f5es de romeiros que visitam o Santu\u00e1rio.<\/p>\n<p style=\"text-align: justify;\"><em id=\"__mceDel\">Os triunfos da \u201cSenhora Aparecida\u201d come\u00e7aram com as romarias paroquiais e diocesanas. A primeira realizou-se a 8 de setembro de 1900. com 1200 peregrinos vindos de trem, de S\u00e3o Paulo, com seu bispo. Hoje os romeiros s\u00e3o milh\u00f5es vindos de todo o Brasil e dos pa\u00edses vizinhos. No dia 8 de setembro de 1904, na presen\u00e7a do N\u00fancio Apost\u00f3lico, de 12 bispos e de grande multid\u00e3o de peregrinos do Rio, de S. Paulo e das cidades do Vale do Para\u00edba, o bispo de S. Paulo, Dom Jos\u00e9 Camargo Barros, coroou solenemente a venerando Imagem com a preciosa coroa oferecida pela Princesa Isabel. Em 1929, no encerramento do Congresso Mariano, Nossa Senhora foi proclamada Rainha do Brasil, sob a invoca\u00e7\u00e3o de Aparecida. Em 31 de maio de 1931, a imagem aparecida foi levada ao Rio, para que diante dela, Nossa Senhora recebesse as homenagens oficiais de toda a na\u00e7\u00e3o, estando presente tamb\u00e9m o Presidente da Rep\u00fablica, Get\u00falio Vargas. Nossa Senhora foi aclamada ent\u00e3o por todos \u201cRainha e Padroeira do Brasil\u201d. Em 1958, a cidade da Aparecida foi elevada a arcebispado, sendo seu primeiro arcebispo o cardeal Mota. Em 1967, Aparecida recebeu a \u201cRosa de Ouro\u201d enviada pelo papa Paulo VI.<br \/>\n<\/em><\/p>\n<p style=\"text-align: justify;\"><em id=\"__mceDel\">A devo\u00e7\u00e3o do povo brasileiro a Nossa Senhora, a peregrina\u00e7\u00e3o da padroeira por toda a P\u00e1tria, a abertura de vias r\u00e1pidas de condu\u00e7\u00e3o e uma equipe especializada de sacerdotes e irm\u00e3os coadjutores puseram Aparecida entre os maiores centros de peregrina\u00e7\u00e3o do mundo.<\/em><\/p>\n<p style=\"text-align: justify;\">Nossa Senhora Aparecida, rogai por n\u00f3s!<\/p>\n<p style=\"text-align: justify;\"><strong>Outros Santos do mesmo dia:<\/strong> Ss. Maximiliano de Lorch, Ss. F\u00e9lix e Cipriano e muitos outros, S. Edvino, S. Etelburga, S. Vilfredo de Iorque, S. Serafim de Montegranaro, Ss. Donino e Donina, B. Pacifico Pedro Salcedo Puchades, B. Romano de Stiko, B. Eufr\u00e1sio do Menino Jesus, B. Tom\u00e1s Bullaker, B. Jos\u00e9 Gonzales Huguet.<\/p>\n","protected":false},"excerpt":{"rendered":"<p>Comemorando-se neste dia a Solenidade da Padroeira do Brasil, vamos dar um hist\u00f3rico dessa devo\u00e7\u00e3o nacional. Comecemos pela narrativa do P. Jos\u00e9 Alves Vilela, Vig\u00e1rio de Guaratinguet\u00e1 de 1725 a 1745: \u201cNa segunda quinzena de outubro de 1717\u2033, passando por esta vila de Guaratinguet\u00e1 para as Minas o Governador delas e de S. Paulo, o [&hellip;]<\/p>\n","protected":false},"author":1,"featured_media":22961,"comment_status":"open","ping_status":"open","sticky":false,"template":"","format":"standard","meta":{"footnotes":""},"categories":[32],"tags":[],"class_list":["post-22960","post","type-post","status-publish","format-standard","has-post-thumbnail","hentry","category-santo-do-dia"],"_links":{"self":[{"href":"https:\/\/catolicanet.net\/wp-cnet\/wp-json\/wp\/v2\/posts\/22960","targetHints":{"allow":["GET"]}}],"collection":[{"href":"https:\/\/catolicanet.net\/wp-cnet\/wp-json\/wp\/v2\/posts"}],"about":[{"href":"https:\/\/catolicanet.net\/wp-cnet\/wp-json\/wp\/v2\/types\/post"}],"author":[{"embeddable":true,"href":"https:\/\/catolicanet.net\/wp-cnet\/wp-json\/wp\/v2\/users\/1"}],"replies":[{"embeddable":true,"href":"https:\/\/catolicanet.net\/wp-cnet\/wp-json\/wp\/v2\/comments?post=22960"}],"version-history":[{"count":1,"href":"https:\/\/catolicanet.net\/wp-cnet\/wp-json\/wp\/v2\/posts\/22960\/revisions"}],"predecessor-version":[{"id":22962,"href":"https:\/\/catolicanet.net\/wp-cnet\/wp-json\/wp\/v2\/posts\/22960\/revisions\/22962"}],"wp:featuredmedia":[{"embeddable":true,"href":"https:\/\/catolicanet.net\/wp-cnet\/wp-json\/wp\/v2\/media\/22961"}],"wp:attachment":[{"href":"https:\/\/catolicanet.net\/wp-cnet\/wp-json\/wp\/v2\/media?parent=22960"}],"wp:term":[{"taxonomy":"category","embeddable":true,"href":"https:\/\/catolicanet.net\/wp-cnet\/wp-json\/wp\/v2\/categories?post=22960"},{"taxonomy":"post_tag","embeddable":true,"href":"https:\/\/catolicanet.net\/wp-cnet\/wp-json\/wp\/v2\/tags?post=22960"}],"curies":[{"name":"wp","href":"https:\/\/api.w.org\/{rel}","templated":true}]}}