{"id":22736,"date":"2023-08-13T00:00:13","date_gmt":"2023-08-13T03:00:13","guid":{"rendered":"http:\/\/catolicanet.net\/wp-cnet\/?p=22736"},"modified":"2023-01-02T17:09:59","modified_gmt":"2023-01-02T20:09:59","slug":"sao-ponciano-e-santo-hipolito","status":"publish","type":"post","link":"https:\/\/catolicanet.net\/wp-cnet\/sao-ponciano-e-santo-hipolito\/","title":{"rendered":"S\u00e3o Ponciano e Santo Hip\u00f3lito"},"content":{"rendered":"<p style=\"text-align: justify;\"><span class=\"style18\">P<\/span>ara o mundo profano este dia representa um instante negativo, mas os crist\u00e3os sabem que n\u00e3o \u00e9 verdade. Tanto que este dia lembra um momento hist\u00f3rico muito positivo para o cristianismo, protagonizado pelo gesto humilde e solid\u00e1rio de Ponciano e Hip\u00f3lito, papa e sacerdote, que viveram em Roma no s\u00e9culo III.<\/p>\n<p>Tudo come\u00e7ou sob o governo do imperador Alexandre Severo, que, condescendente, aceitou a diversidade religiosa, n\u00e3o perseguiu os crist\u00e3os e permitiu que a Igreja se reorganizasse. Durante essa tr\u00e9gua externa, a batalha foi travada internamente, no meio do clero cat\u00f3lico, ocasionando a primeira ruptura na Igreja de Roma, que contrap\u00f4s ao leg\u00edtimo pont\u00edfice um antipapa, no caso o pr\u00f3prio Hip\u00f3lito.<\/p>\n<p>Hip\u00f3lito era um sacerdote culto, austero, pouco tolerante e indulgente, sempre enxergando, ou mesmo temendo, que cada reforma pudesse violar a verdadeira doutrina crist\u00e3. Por esse extremado cuidado acusou de heresia o papa s\u00e3o Zeferino e o di\u00e1cono Calisto. Seu \u00edmpeto de guardi\u00e3o culminou quando este \u00faltimo foi eleito papa em 217. Hip\u00f3lito rebelou-se e acabou sendo indevidamente eleito papa pelos bispos seus partid\u00e1rios.<\/p>\n<p>Esse cisma manteve-se na Igreja at\u00e9 mesmo nos pontificados de Ubaldo I e Ponciano, que foi eleito em 230. Na ocasi\u00e3o, morrera em combate o imperador Alexandre Severo, sendo sucedido por Maximino, tirano que retomou a persegui\u00e7\u00e3o aos crist\u00e3os. E come\u00e7ou de forma singular: deparando-se com a exist\u00eancia de dois papas, deportou ambos, condenando-os a trabalhos for\u00e7ados numa mina de pedras da Sardenha.<\/p>\n<p>Ponciano foi o primeiro papa a ser deportado. Era um fato novo para a Igreja, que ele administrou com sabedoria, sagacidade e muita humildade. Para que seu rebanho n\u00e3o ficasse sem pastor, renunciou ao trono de Pedro, tornando-se, tamb\u00e9m, o primeiro papa da Igreja a usar este recurso extremo. Foi sucedido pelo papa Antero, de origem grega, que exerceu a fun\u00e7\u00e3o por apenas quarenta dias.<\/p>\n<p>Todavia seu gesto comoveu Hip\u00f3lito, que percebeu o sincero zelo apost\u00f3lico de Ponciano. Por isso tamb\u00e9m renunciou ao seu posto, interrompendo o prolongado cisma e reconciliando-se com a Igreja de Roma, antes de morrer, em 235, mesmo ano da morte de Ponciano.<\/p>\n<p>O cristianismo s\u00f3 se beneficiou porque Hip\u00f3lito tornou-se o mais importante fil\u00f3sofo crist\u00e3o do final do s\u00e9culo III. As suas obras mais conhecidas s\u00e3o &#8220;Teorias filos\u00f3ficas&#8221;, o &#8220;Livro de Daniel&#8221; e &#8220;A tradi\u00e7\u00e3o apost\u00f3lica&#8221;, que aborda temas importantes, como rito, disciplina e costumes crist\u00e3os da \u00e9poca. Papa Ponciano, por sua vez, instituiu o canto dos salmos, a reza do &#8220;confiteor Deo&#8221; antes de morrer e o uso do &#8220;Dominus vobiscum&#8221;. E, o fundamental: p\u00f4s fim \u00e0 heresia de Hip\u00f3lito.<\/p>\n<p>Os corpos desses dois m\u00e1rtires foram trasladados para Roma no dia 13 de agosto de 354, onde, com grande honra, foram sepultados. Santo Hip\u00f3lito no cemit\u00e9rio da via Tiburtina e o papa s\u00e3o Ponciano nas catacumbas de s\u00e3o Calisto. A festa lit\u00fargica foi mantida neste dia para a venera\u00e7\u00e3o de ambos.<\/p>\n<p>S\u00e3o Ponciano e Santo Hip\u00f3lito, rogai por n\u00f3s!<\/p>\n<p style=\"text-align: justify;\"><strong>Outros Santos do mesmo dia:<\/strong> S\u00e3o Cassiano de \u00cdmola, S\u00e3o Simpliciano, Santa Raqdegundes, S\u00e3o M\u00e1ximo Confessor, S\u00e3o Vigueberto, Santo Nerses Glaietsi, S\u00e3o Benildo Romancon, Santa Conc\u00f3rdia, Santos F\u00e9lix e Fortunato, S\u00e3o Jo\u00e3o Berchmans, Beato Guilherme Freeman, Beato Novelono, Beata Gertudres de Attenberg, Beato Jo\u00e3o de Alverne, Beatos Felipe de Jesus e 50 Companheiros.<\/p>\n","protected":false},"excerpt":{"rendered":"<p>Para o mundo profano este dia representa um instante negativo, mas os crist\u00e3os sabem que n\u00e3o \u00e9 verdade. Tanto que este dia lembra um momento hist\u00f3rico muito positivo para o cristianismo, protagonizado pelo gesto humilde e solid\u00e1rio de Ponciano e Hip\u00f3lito, papa e sacerdote, que viveram em Roma no s\u00e9culo III. Tudo come\u00e7ou sob o [&hellip;]<\/p>\n","protected":false},"author":1,"featured_media":22737,"comment_status":"open","ping_status":"open","sticky":false,"template":"","format":"standard","meta":{"footnotes":""},"categories":[32],"tags":[],"class_list":["post-22736","post","type-post","status-publish","format-standard","has-post-thumbnail","hentry","category-santo-do-dia"],"_links":{"self":[{"href":"https:\/\/catolicanet.net\/wp-cnet\/wp-json\/wp\/v2\/posts\/22736","targetHints":{"allow":["GET"]}}],"collection":[{"href":"https:\/\/catolicanet.net\/wp-cnet\/wp-json\/wp\/v2\/posts"}],"about":[{"href":"https:\/\/catolicanet.net\/wp-cnet\/wp-json\/wp\/v2\/types\/post"}],"author":[{"embeddable":true,"href":"https:\/\/catolicanet.net\/wp-cnet\/wp-json\/wp\/v2\/users\/1"}],"replies":[{"embeddable":true,"href":"https:\/\/catolicanet.net\/wp-cnet\/wp-json\/wp\/v2\/comments?post=22736"}],"version-history":[{"count":1,"href":"https:\/\/catolicanet.net\/wp-cnet\/wp-json\/wp\/v2\/posts\/22736\/revisions"}],"predecessor-version":[{"id":22738,"href":"https:\/\/catolicanet.net\/wp-cnet\/wp-json\/wp\/v2\/posts\/22736\/revisions\/22738"}],"wp:featuredmedia":[{"embeddable":true,"href":"https:\/\/catolicanet.net\/wp-cnet\/wp-json\/wp\/v2\/media\/22737"}],"wp:attachment":[{"href":"https:\/\/catolicanet.net\/wp-cnet\/wp-json\/wp\/v2\/media?parent=22736"}],"wp:term":[{"taxonomy":"category","embeddable":true,"href":"https:\/\/catolicanet.net\/wp-cnet\/wp-json\/wp\/v2\/categories?post=22736"},{"taxonomy":"post_tag","embeddable":true,"href":"https:\/\/catolicanet.net\/wp-cnet\/wp-json\/wp\/v2\/tags?post=22736"}],"curies":[{"name":"wp","href":"https:\/\/api.w.org\/{rel}","templated":true}]}}