{"id":22583,"date":"2023-07-08T00:00:14","date_gmt":"2023-07-08T03:00:14","guid":{"rendered":"http:\/\/catolicanet.net\/wp-cnet\/?p=22583"},"modified":"2023-01-02T17:02:20","modified_gmt":"2023-01-02T20:02:20","slug":"beato-eugenio-iii","status":"publish","type":"post","link":"https:\/\/catolicanet.net\/wp-cnet\/beato-eugenio-iii\/","title":{"rendered":"Beato Eug\u00eanio III"},"content":{"rendered":"<p style=\"text-align: justify;\"><span class=\"style30\">O<\/span> papa Eug\u00eanio III nasceu em Montemagno, numa fam\u00edlia crist\u00e3, rica e da nobreza italiana. Foi batizado com o nome de P\u00eder Bernardo Paganelli, estudou e recebeu a ordena\u00e7\u00e3o sacerdotal na diocese de Pisa, centro cultural pr\u00f3ximo da sua cidade natal.<\/p>\n<p>Possu\u00eda um temperamento reservado, era inteligente, muito ponderado e calmo. Segundo os registros da \u00e9poca, em 1130 ele teve um encontro com o religioso Bernardo de Claraval, fundador da Ordem dos Monges Cistercienses e hoje um santo da Igreja. A afinidade entre ambos foi t\u00e3o grande que, cinco anos depois, P\u00eder Bernardo ingressou no mosteiro dirigido pelo amigo e vestiu o h\u00e1bito cisterciense.<\/p>\n<p>Atrav\u00e9s da conviv\u00eancia com Bernardo de Claraval, ele se tornou conhecido, pois foi escolhido para abrir um outro mosteiro da Ordem em Farfa, diocese de Viterbo, sendo consagrado o abade pelo papa Inoc\u00eancio II. Quando esse papa morreu, o abade P\u00eder Bernardo foi eleito sucessor.<\/p>\n<p>Isto ocorreu n\u00e3o por acaso, ele era o homem adequado para enfrentar a dif\u00edcil e delicada situa\u00e7\u00e3o que persistia na \u00e9poca. Roma estava agitada e \u00e0s voltas com graves transtornos provocados, especialmente, pelo l\u00edder pol\u00edtico Arnaldo de Br\u00e9scia e outros republicanos que exigiam que fosse eleito um papa que for\u00e7asse a entrega do poder pol\u00edtico ao seu partido. Muitas casas de bispos e cardeais j\u00e1 tinham sido saqueadas. Por isso os cardeais resolveram escolher o abade P\u00eder Bernardo, justamente porque ele estava fora do col\u00e9gio cardinal\u00edcio, portanto isento das press\u00f5es dos republicanos.<\/p>\n<p>Ele assumiu o pontificado com o nome de papa Eug\u00eanio III. Mas teve de fugir de Roma \u00e0 noite, horas ap\u00f3s sua elei\u00e7\u00e3o, para ser coroado no mosteiro de Farfa, em Viterbo. Era o dia 18 de fevereiro de 1145. Como a situa\u00e7\u00e3o da cidade n\u00e3o era segura, o novo papa e seus cardeais decidiram mudar para Viterbo. Quando a popula\u00e7\u00e3o romana foi informada, correu para pedir sua volta. Foi assim, apoiado pelo povo, que o papa Eug\u00eanio III retornou para Roma e assumiu o controle da cidade, impondo a paz. Infelizmente, durou pouco.<\/p>\n<p>Em 1146, Arnaldo passou a exigir a destrui\u00e7\u00e3o total de Tr\u00edvoli. Novamente o papa Eug\u00eanio III teve de fugir. Como se recusou a comandar o massacre, ele corria risco de morte. Teve de atravessar os Alpes para ingressar na Fran\u00e7a, onde permaneceu exilado por tr\u00eas anos.<\/p>\n<p>Os conflitos n\u00e3o paravam, o povo estava sempre nas ruas, liderado por Arnaldo, e o papa teve de ser duro com os insubordinados da Igreja que se aproveitavam da situa\u00e7\u00e3o. Nesse per\u00edodo, convocou quatro conc\u00edlios para impor disciplina. Tamb\u00e9m dep\u00f4s os arcebispos de York e Mainz; promoveu uma s\u00e9ria reforma na Igreja e na C\u00faria Romana em defesa da ortodoxia nos estudos eclesi\u00e1sticos. Enviou o cardeal Breakspear, o futuro papa Adriano IV, para divulg\u00e1-la na Escandin\u00e1via, enquanto ele pr\u00f3prio ainda o fazia percorrendo o norte da It\u00e1lia.<\/p>\n<p>S\u00f3 retornou a Roma depois de receber ajuda do imperador alem\u00e3o Frederico Barba-Roxa, contra os republicanos de Arnaldo. Ainda p\u00f4de defender a Igreja contra os invasores turcos e iniciar a constru\u00e7\u00e3o do pal\u00e1cio pontif\u00edcio. Morreu no dia 8 de julho de 1153, depois de governar a Igreja por oito anos e cinco meses, num per\u00edodo t\u00e3o complicado e violento da hist\u00f3ria. O papa Eug\u00eanio III foi beatificado em 1872.<\/p>\n<p style=\"text-align: justify;\">Beato Eug\u00eanio III, rogai por n\u00f3s!<\/p>\n<p style=\"text-align: justify;\"><strong>Outros Santos do mesmo dia:<\/strong> Santas \u00c1quila e Priscila, Santo Proc\u00f3pio, Santos Quinlano e seus Companheiros, Santa Vitburga, S\u00e3o Adriano II, Sato Grimbaldo, Santas Sumiva e companheiras, S\u00e3o Raimundo de Toulosa, S\u00e3o Alberto de G\u00eanova, Santo Disibodo, S\u00e3o Edgar o Pac\u00edfico, Beato Julio, Santo Kilian, S\u00e3o Palm\u00e9rio, Santo Pancr\u00e1cio de Taormina e Beato Pedro Vigne.<\/p>\n","protected":false},"excerpt":{"rendered":"<p>O papa Eug\u00eanio III nasceu em Montemagno, numa fam\u00edlia crist\u00e3, rica e da nobreza italiana. Foi batizado com o nome de P\u00eder Bernardo Paganelli, estudou e recebeu a ordena\u00e7\u00e3o sacerdotal na diocese de Pisa, centro cultural pr\u00f3ximo da sua cidade natal. Possu\u00eda um temperamento reservado, era inteligente, muito ponderado e calmo. Segundo os registros da [&hellip;]<\/p>\n","protected":false},"author":1,"featured_media":22584,"comment_status":"open","ping_status":"open","sticky":false,"template":"","format":"standard","meta":{"footnotes":""},"categories":[32],"tags":[],"class_list":["post-22583","post","type-post","status-publish","format-standard","has-post-thumbnail","hentry","category-santo-do-dia"],"_links":{"self":[{"href":"https:\/\/catolicanet.net\/wp-cnet\/wp-json\/wp\/v2\/posts\/22583","targetHints":{"allow":["GET"]}}],"collection":[{"href":"https:\/\/catolicanet.net\/wp-cnet\/wp-json\/wp\/v2\/posts"}],"about":[{"href":"https:\/\/catolicanet.net\/wp-cnet\/wp-json\/wp\/v2\/types\/post"}],"author":[{"embeddable":true,"href":"https:\/\/catolicanet.net\/wp-cnet\/wp-json\/wp\/v2\/users\/1"}],"replies":[{"embeddable":true,"href":"https:\/\/catolicanet.net\/wp-cnet\/wp-json\/wp\/v2\/comments?post=22583"}],"version-history":[{"count":1,"href":"https:\/\/catolicanet.net\/wp-cnet\/wp-json\/wp\/v2\/posts\/22583\/revisions"}],"predecessor-version":[{"id":22585,"href":"https:\/\/catolicanet.net\/wp-cnet\/wp-json\/wp\/v2\/posts\/22583\/revisions\/22585"}],"wp:featuredmedia":[{"embeddable":true,"href":"https:\/\/catolicanet.net\/wp-cnet\/wp-json\/wp\/v2\/media\/22584"}],"wp:attachment":[{"href":"https:\/\/catolicanet.net\/wp-cnet\/wp-json\/wp\/v2\/media?parent=22583"}],"wp:term":[{"taxonomy":"category","embeddable":true,"href":"https:\/\/catolicanet.net\/wp-cnet\/wp-json\/wp\/v2\/categories?post=22583"},{"taxonomy":"post_tag","embeddable":true,"href":"https:\/\/catolicanet.net\/wp-cnet\/wp-json\/wp\/v2\/tags?post=22583"}],"curies":[{"name":"wp","href":"https:\/\/api.w.org\/{rel}","templated":true}]}}