{"id":22577,"date":"2023-07-06T00:00:30","date_gmt":"2023-07-06T03:00:30","guid":{"rendered":"http:\/\/catolicanet.net\/wp-cnet\/?p=22577"},"modified":"2023-01-02T17:01:48","modified_gmt":"2023-01-02T20:01:48","slug":"santa-maria-goretti-2","status":"publish","type":"post","link":"https:\/\/catolicanet.net\/wp-cnet\/santa-maria-goretti-2\/","title":{"rendered":"Santa Maria Goretti"},"content":{"rendered":"<p style=\"text-align: justify;\"><span class=\"style30\">M<\/span>aria Goretti, humilde camponesa, nasceu em 16 de outubro de 1890 na cidade de Corinaldo, prov\u00edncia de Ancona, It\u00e1lia. Seus pais, Luiz e Assunta, criavam os sete filhos em meio \u00e0 pen\u00faria de uma vida de necessidades, mas dentro dos preceitos ditados por Jesus Cristo.<\/p>\n<p>A menina Maria, por ser a mais velha, cresceu cuidando dos irm\u00e3os pequenos em casa, enquanto os pais labutavam no campo. Uma de suas irm\u00e3s, mais tarde, tornou-se freira franciscana. As dificuldades financeiras eram tantas que a fam\u00edlia migrou de povoado em povoado at\u00e9 fixar-se num povoado in\u00f3spito chamado Ferrieri. Nessa localidade, a fam\u00edlia passou a residir na mesma propriedade de Jo\u00e3o Sereneli, anci\u00e3o de sessenta anos de idade que tinha dois filhos, Gaspar e Alexandre, este com dezoito anos de idade. Assim, todos trabalhavam na lavoura enquanto a jovem Maria cuidava da casa e dos irm\u00e3os pequenos.<\/p>\n<p>Desse modo, Maria nunca p\u00f4de estudar, mas ao lado da fam\u00edlia sempre freq\u00fcentou a igreja. Ela s\u00f3 estudou o catecismo para fazer a primeira comunh\u00e3o, aos doze anos de idade, um ano ap\u00f3s a morte de seu pai. Quando isto ocorreu, o senhor Jo\u00e3o, compadecido, manteve tudo como estava, contando apenas com a vi\u00fava para o trabalho na lavoura. Por\u00e9m o problema era seu filho Alexandre, que passara a assediar Maria. Apesar da pouca idade, ela era bonita e bem desenvolvida, j\u00e1 atraindo os olhares masculinos. Como recusasse todas as aproxima\u00e7\u00f5es do rapaz, este se irritou ao extremo. At\u00e9 que, no dia 5 de julho de 1902, ele perdeu a raz\u00e3o e a trag\u00e9dia aconteceu.<\/p>\n<p>Naquele dia, Alexandre trabalhava ao lado de Assunta quando inventou um pretexto, deixou a lavoura. Foi para o lar dos Goretti portando uma barra de ferro com ponta afiada, sabia que Maria estaria sozinha e indefesa. Primeiro insinuou, depois exigiu, por fim amea\u00e7ou a jovem de morte se n\u00e3o satisfizesse seus desejos. Mesmo temendo o pior, Maria resistiu dizendo que aquilo era um pecado mortal. Alexandre, transtornado por n\u00e3o alcan\u00e7ar seu intento, passou a golpear violentamente o corpo da menina.<\/p>\n<p>Ela ainda foi levada com vida a um hospital, ap\u00f3s ser vitimada com quatorze perfura\u00e7\u00f5es. E teve tempo de perdoar seu agressor, pedindo a sua m\u00e3e e seus irm\u00e3os que fizessem o mesmo, por amor a Jesus. Maria Goretti morreu no dia seguinte ao ataque, no dia 6 de julho de 1902. Quanto a Alexandre, foi preso, quase linchado e condenado a trabalhos for\u00e7ados. Por\u00e9m, depois de vinte e sete anos de pris\u00e3o, foi solto por bom comportamento. Depois de ir a Corinaldo pedir perd\u00e3o \u00e0 m\u00e3e de Maria Goretti, ingressou num convento capuchinho, onde viveu sua sincera convers\u00e3o at\u00e9 morrer.<\/p>\n<p>Muitos milagres passaram a acontecer por intercess\u00e3o da pequena menina virgem. A f\u00e9 na sua santidade cresceu e espalhou-se de tal forma no mundo crist\u00e3o que, em 1950, ela foi canonizada. Na solenidade, estava presente a sua m\u00e3e Assunta, ent\u00e3o com oitenta e quatro anos, ao lado de quatro de seus filhos e Alexandre Sereneli, o agressor sinceramente convertido. O papa Pio XII declarou santa Maria Goretti padroeira das virgens crist\u00e3s. At\u00e9 hoje continuam as romarias ao Santu\u00e1rio de Nossa Senhora das Gra\u00e7as, em Nettuno, onde se encontra a sepultura da santa, h\u00e1 dez quil\u00f4metros do povoado onde tudo aconteceu.<\/p>\n<p style=\"text-align: justify;\">Santa Maria Goretti, rogai por n\u00f3s!<\/p>\n<p style=\"text-align: justify;\"><strong>Outros Santos do mesmo dia:<\/strong> S\u00e3o Isa\u00edas, Santa Domingas, S\u00e3o Siso\u00e9s, S\u00e3o Go\u00e1rio, Santa Sesburga, Santo Godoleva, Santa Moduena, Beato Tom\u00e1s Alfield, S\u00e3o R\u00f4mulo, S\u00e3o Pal\u00e1dio, S\u00e3o Tranquilo de Roma, Beato Agostinho Jos\u00e9 Degardin, Beata Maria Teresa Ledochowska e Beata Maria In\u00e1cia March Mesa.<\/p>\n","protected":false},"excerpt":{"rendered":"<p>Maria Goretti, humilde camponesa, nasceu em 16 de outubro de 1890 na cidade de Corinaldo, prov\u00edncia de Ancona, It\u00e1lia. Seus pais, Luiz e Assunta, criavam os sete filhos em meio \u00e0 pen\u00faria de uma vida de necessidades, mas dentro dos preceitos ditados por Jesus Cristo. A menina Maria, por ser a mais velha, cresceu cuidando [&hellip;]<\/p>\n","protected":false},"author":1,"featured_media":22578,"comment_status":"open","ping_status":"open","sticky":false,"template":"","format":"standard","meta":{"footnotes":""},"categories":[32],"tags":[],"class_list":["post-22577","post","type-post","status-publish","format-standard","has-post-thumbnail","hentry","category-santo-do-dia"],"_links":{"self":[{"href":"https:\/\/catolicanet.net\/wp-cnet\/wp-json\/wp\/v2\/posts\/22577","targetHints":{"allow":["GET"]}}],"collection":[{"href":"https:\/\/catolicanet.net\/wp-cnet\/wp-json\/wp\/v2\/posts"}],"about":[{"href":"https:\/\/catolicanet.net\/wp-cnet\/wp-json\/wp\/v2\/types\/post"}],"author":[{"embeddable":true,"href":"https:\/\/catolicanet.net\/wp-cnet\/wp-json\/wp\/v2\/users\/1"}],"replies":[{"embeddable":true,"href":"https:\/\/catolicanet.net\/wp-cnet\/wp-json\/wp\/v2\/comments?post=22577"}],"version-history":[{"count":1,"href":"https:\/\/catolicanet.net\/wp-cnet\/wp-json\/wp\/v2\/posts\/22577\/revisions"}],"predecessor-version":[{"id":22579,"href":"https:\/\/catolicanet.net\/wp-cnet\/wp-json\/wp\/v2\/posts\/22577\/revisions\/22579"}],"wp:featuredmedia":[{"embeddable":true,"href":"https:\/\/catolicanet.net\/wp-cnet\/wp-json\/wp\/v2\/media\/22578"}],"wp:attachment":[{"href":"https:\/\/catolicanet.net\/wp-cnet\/wp-json\/wp\/v2\/media?parent=22577"}],"wp:term":[{"taxonomy":"category","embeddable":true,"href":"https:\/\/catolicanet.net\/wp-cnet\/wp-json\/wp\/v2\/categories?post=22577"},{"taxonomy":"post_tag","embeddable":true,"href":"https:\/\/catolicanet.net\/wp-cnet\/wp-json\/wp\/v2\/tags?post=22577"}],"curies":[{"name":"wp","href":"https:\/\/api.w.org\/{rel}","templated":true}]}}