{"id":22510,"date":"2023-06-28T00:00:23","date_gmt":"2023-06-28T03:00:23","guid":{"rendered":"http:\/\/catolicanet.net\/wp-cnet\/?p=22510"},"modified":"2023-01-02T17:00:38","modified_gmt":"2023-01-02T20:00:38","slug":"santo-irineu-de-lyon","status":"publish","type":"post","link":"https:\/\/catolicanet.net\/wp-cnet\/santo-irineu-de-lyon\/","title":{"rendered":"Santo Irineu de Lyon"},"content":{"rendered":"<p style=\"text-align: justify;\"><span class=\"style18\">P<\/span>adre da Igreja, grego de nascimento, filho de pais crist\u00e3os, nasceu na ilha de Esmirna, no ano 130. Foi disc\u00edpulo de Policarpo, outro Padre e santo da Igreja. Dele Irineu p\u00f4de recolher ainda viva a tradi\u00e7\u00e3o apost\u00f3lica, pois Policarpo fora consagrado bispo pelo pr\u00f3prio Jo\u00e3o Evangelista, o que torna important\u00edssimos os seus testemunhos doutrinais.<\/p>\n<p>Muito culto e letrado em v\u00e1rias l\u00ednguas, Irineu foi ordenado por s\u00e3o Policarpo, que o enviou para a G\u00e1lia, atual Fran\u00e7a, onde havia uma grande popula\u00e7\u00e3o de fi\u00e9is crist\u00e3os procedentes do Oriente. L\u00e1, trabalhou ao lado de Fotino, o primeiro bispo de Lyon, que, em 175, o enviou a Roma para, junto do papa Eleut\u00e9rio, resolver a delicada quest\u00e3o doutrinal dos hereges montanistas. Esses fan\u00e1ticos, vindos do Oriente, pregavam o desprezo pelas coisas do mundo, anunciando o breve retorno de Cristo para o ju\u00edzo final.<\/p>\n<p>Contudo tanto o papa quanto Irineu foram tomados pela surpresa da b\u00e1rbara persegui\u00e7\u00e3o decretada pelo imperador Marco Aur\u00e9lio. Rapidamente, em 177, ela atingiu a cidade de Lyon, ocasionando o grande massacre dos crist\u00e3os, todos mortos pelo testemunho da f\u00e9.<\/p>\n<p>Um ano depois, Irineu retornou a Lyon, onde foi eleito e aclamado sucessor do bispo m\u00e1rtir, Fotino. Nesse cargo ele permaneceu vinte e cinco anos. Ocupou-se da evangeliza\u00e7\u00e3o e combateu, principalmente, a heresia dos gn\u00f3sticos, al\u00e9m das outras que proliferavam nesses primeiros tempos. Obteve \u00eaxito, junto ao papa Vitor I, na quest\u00e3o da comemora\u00e7\u00e3o da festa da P\u00e1scoa, quando lhe pediu que atuasse com modera\u00e7\u00e3o para manter a uni\u00e3o entre a Igreja do Ocidente e a do Oriente.<\/p>\n<p>A sua obra escrita mais importante foi o tratado &#8220;Contra as heresias&#8221;, onde trata da falsa gnose, e depois, de todas as outras heresias da \u00e9poca. O texto grego foi perdido, mas existem as tradu\u00e7\u00f5es latina, arm\u00eania e sir\u00edaca.<\/p>\n<p>Importante n\u00e3o s\u00f3 do lado teol\u00f3gico, onde exp\u00f4s j\u00e1 pronta a teoria sobre a autoridade doutrinal da Igreja, mas ainda do lado hist\u00f3rico, pois documentou e nos apresentou um quadro vivo das batalhas e lutas de ent\u00e3o.<\/p>\n<p>Mais tarde, um outro tratado, chamado &#8220;Demonstra\u00e7\u00e3o da prega\u00e7\u00e3o apost\u00f3lica&#8221;, foi encontrado inteiro, numa tradu\u00e7\u00e3o arm\u00eania. Al\u00e9m de v\u00e1rios fragmentos de outras obras, cartas, discursos e pequenos tratados.<\/p>\n<p>Irineu morreu como m\u00e1rtir no dia 28 de junho de 202, em Lyon, e sua festa lit\u00fargica ocorre nesta data. As rel\u00edquias de santo Irineu est\u00e3o sepultadas, junto com os m\u00e1rtires da Igreja de Lyon, na catedral desta cidade.<\/p>\n<p>Santo Irineu de Lyon, rogai por n\u00f3s!<\/p>\n<p style=\"text-align: justify;\"><strong>Outros Santos do mesmo dia:<\/strong> Santos Plutarco, Potamiena e companheiros, S\u00e3o Paulo I, Santo Heimerado, Santos Sergio e Germano, S\u00e3o Jo\u00e3o Southwort, Santa Ada, Beato Eimerado, Beata Maria Pia Mastena, Beatos Severiano Baranyk e Joaquim Senkivskyj.<\/p>\n","protected":false},"excerpt":{"rendered":"<p>Padre da Igreja, grego de nascimento, filho de pais crist\u00e3os, nasceu na ilha de Esmirna, no ano 130. Foi disc\u00edpulo de Policarpo, outro Padre e santo da Igreja. Dele Irineu p\u00f4de recolher ainda viva a tradi\u00e7\u00e3o apost\u00f3lica, pois Policarpo fora consagrado bispo pelo pr\u00f3prio Jo\u00e3o Evangelista, o que torna important\u00edssimos os seus testemunhos doutrinais. Muito [&hellip;]<\/p>\n","protected":false},"author":1,"featured_media":22511,"comment_status":"open","ping_status":"open","sticky":false,"template":"","format":"standard","meta":{"footnotes":""},"categories":[32],"tags":[],"class_list":["post-22510","post","type-post","status-publish","format-standard","has-post-thumbnail","hentry","category-santo-do-dia"],"_links":{"self":[{"href":"https:\/\/catolicanet.net\/wp-cnet\/wp-json\/wp\/v2\/posts\/22510","targetHints":{"allow":["GET"]}}],"collection":[{"href":"https:\/\/catolicanet.net\/wp-cnet\/wp-json\/wp\/v2\/posts"}],"about":[{"href":"https:\/\/catolicanet.net\/wp-cnet\/wp-json\/wp\/v2\/types\/post"}],"author":[{"embeddable":true,"href":"https:\/\/catolicanet.net\/wp-cnet\/wp-json\/wp\/v2\/users\/1"}],"replies":[{"embeddable":true,"href":"https:\/\/catolicanet.net\/wp-cnet\/wp-json\/wp\/v2\/comments?post=22510"}],"version-history":[{"count":1,"href":"https:\/\/catolicanet.net\/wp-cnet\/wp-json\/wp\/v2\/posts\/22510\/revisions"}],"predecessor-version":[{"id":22512,"href":"https:\/\/catolicanet.net\/wp-cnet\/wp-json\/wp\/v2\/posts\/22510\/revisions\/22512"}],"wp:featuredmedia":[{"embeddable":true,"href":"https:\/\/catolicanet.net\/wp-cnet\/wp-json\/wp\/v2\/media\/22511"}],"wp:attachment":[{"href":"https:\/\/catolicanet.net\/wp-cnet\/wp-json\/wp\/v2\/media?parent=22510"}],"wp:term":[{"taxonomy":"category","embeddable":true,"href":"https:\/\/catolicanet.net\/wp-cnet\/wp-json\/wp\/v2\/categories?post=22510"},{"taxonomy":"post_tag","embeddable":true,"href":"https:\/\/catolicanet.net\/wp-cnet\/wp-json\/wp\/v2\/tags?post=22510"}],"curies":[{"name":"wp","href":"https:\/\/api.w.org\/{rel}","templated":true}]}}