{"id":22501,"date":"2023-06-16T00:00:06","date_gmt":"2023-06-16T03:00:06","guid":{"rendered":"http:\/\/catolicanet.net\/wp-cnet\/?p=22501"},"modified":"2023-01-02T16:56:32","modified_gmt":"2023-01-02T19:56:32","slug":"santos-julita-e-ciro","status":"publish","type":"post","link":"https:\/\/catolicanet.net\/wp-cnet\/santos-julita-e-ciro\/","title":{"rendered":"Santos Julita e Ciro"},"content":{"rendered":"<p style=\"text-align: justify;\"><span class=\"style18\">J<\/span>ulita vivia na cidade de Ic\u00f4nio, na Lica\u00f4nia, atualmente Turquia. Ela era uma senhora riqu\u00edssima, da alta aristocracia e crist\u00e3, que se tornara vi\u00fava logo ap\u00f3s ter dado \u00e0 luz um menino. Ele foi batizado com o nome de Ciro, mas tamb\u00e9m atendia pelo diminutivo Cir\u00edaco ou Quir\u00edaco. Tinha tr\u00eas anos de idade quando o sanguin\u00e1rio imperador Diocleciano come\u00e7ou a perseguir, prender e matar crist\u00e3os.<\/p>\n<p>Julita, levando o filhinho Ciro e algumas servidoras, fugiu para a Sel\u00eaucia e, em seguida, para Tarso, mas ali acabou presa. O governador local, um cruel romano chamado Alexandre, tirou-lhe o filho dos bra\u00e7os e passou a us\u00e1-lo como um elemento a mais para sua tortura. Colocou-o sentado sobre seus joelhos, enquanto submetia Julita ao flagelo na frente do menino, com o intuito de que renegasse a f\u00e9 em Cristo.<\/p>\n<p>Como ela n\u00e3o obedeceu, os castigos aumentaram. Foi ent\u00e3o que o pequenino Ciro saltou dos joelhos do governador, come\u00e7ou a chorar e a gritar junto com a m\u00e3e: &#8220;Tamb\u00e9m sou crist\u00e3o! Tamb\u00e9m sou crist\u00e3o!&#8221; Foi tamanha a ira do governador que ele, com um pontap\u00e9, empurrou Ciro violentamente, fazendo-o rolar pelos degraus do tribunal, esmigalhando-lhe, assim, o cr\u00e2nio.<\/p>\n<p>Conta-se que Julita ficou im\u00f3vel, n\u00e3o reclamou, nem chorou, apenas rezou para que pudesse seguir seu pequenino Ciro no mart\u00edrio e encontr\u00e1-lo, o mais r\u00e1pido poss\u00edvel, ao lado de Deus. E foi o que aconteceu. Julita continuou sendo brutamente espancada e depois foi decapitada. Era o ano 304.<\/p>\n<p>Os corpos foram recolhidos por uma de suas fi\u00e9is servidoras e sepultados num t\u00famulo que foi mantido oculto at\u00e9 que as persegui\u00e7\u00f5es cessassem. Quando isso aconteceu, poucos anos depois, o bispo de Ic\u00f4nio, Teodoro, resolveu, com a ajuda de testemunhas da \u00e9poca e documentos leg\u00edtimos, reconstruir fielmente a dram\u00e1tica hist\u00f3ria de Julita e Ciro. E foi assim, pleno de autenticidade, que este culto chegou aos nossos dias.<\/p>\n<p>Ciro tornou-se o mais jovem m\u00e1rtir do cristianismo, precedido apenas dos santos m\u00e1rtires inocentes, exterminados pelo rei Herodes em Bel\u00e9m . Por isso \u00e9 considerado o santo padroeiro das crian\u00e7as que sofrem de maus-tratos. A festa de santa Julita e de s\u00e3o Ciro \u00e9 celebrada pela Igreja no dia 16 de junho, em todo o mundo cat\u00f3lico.<\/p>\n<p>Santos Julita e Ciro, rogai por n\u00f3s!<\/p>\n<p style=\"text-align: justify;\"><strong>Outros Santos do mesmo dia:<\/strong> Santos Ferr\u00e9olo e Ferr\u00facio, S\u00e3o Aureliano, S\u00e3o Beno, Santa Lutgarda, S\u00e3o Jo\u00e3o Francisco R\u00e9gis, Santos Griciana e Actin\u00e9ia, S\u00e3o Cecardo de Luni, S\u00e3o Pal\u00e9rio de Telese, Beata Limbania, Beato Tom\u00e1s Reding e Beata Maria Teresa Scherer.<\/p>\n","protected":false},"excerpt":{"rendered":"<p>Julita vivia na cidade de Ic\u00f4nio, na Lica\u00f4nia, atualmente Turquia. Ela era uma senhora riqu\u00edssima, da alta aristocracia e crist\u00e3, que se tornara vi\u00fava logo ap\u00f3s ter dado \u00e0 luz um menino. Ele foi batizado com o nome de Ciro, mas tamb\u00e9m atendia pelo diminutivo Cir\u00edaco ou Quir\u00edaco. Tinha tr\u00eas anos de idade quando o [&hellip;]<\/p>\n","protected":false},"author":1,"featured_media":22502,"comment_status":"open","ping_status":"open","sticky":false,"template":"","format":"standard","meta":{"footnotes":""},"categories":[32],"tags":[],"class_list":["post-22501","post","type-post","status-publish","format-standard","has-post-thumbnail","hentry","category-santo-do-dia"],"_links":{"self":[{"href":"https:\/\/catolicanet.net\/wp-cnet\/wp-json\/wp\/v2\/posts\/22501","targetHints":{"allow":["GET"]}}],"collection":[{"href":"https:\/\/catolicanet.net\/wp-cnet\/wp-json\/wp\/v2\/posts"}],"about":[{"href":"https:\/\/catolicanet.net\/wp-cnet\/wp-json\/wp\/v2\/types\/post"}],"author":[{"embeddable":true,"href":"https:\/\/catolicanet.net\/wp-cnet\/wp-json\/wp\/v2\/users\/1"}],"replies":[{"embeddable":true,"href":"https:\/\/catolicanet.net\/wp-cnet\/wp-json\/wp\/v2\/comments?post=22501"}],"version-history":[{"count":1,"href":"https:\/\/catolicanet.net\/wp-cnet\/wp-json\/wp\/v2\/posts\/22501\/revisions"}],"predecessor-version":[{"id":22503,"href":"https:\/\/catolicanet.net\/wp-cnet\/wp-json\/wp\/v2\/posts\/22501\/revisions\/22503"}],"wp:featuredmedia":[{"embeddable":true,"href":"https:\/\/catolicanet.net\/wp-cnet\/wp-json\/wp\/v2\/media\/22502"}],"wp:attachment":[{"href":"https:\/\/catolicanet.net\/wp-cnet\/wp-json\/wp\/v2\/media?parent=22501"}],"wp:term":[{"taxonomy":"category","embeddable":true,"href":"https:\/\/catolicanet.net\/wp-cnet\/wp-json\/wp\/v2\/categories?post=22501"},{"taxonomy":"post_tag","embeddable":true,"href":"https:\/\/catolicanet.net\/wp-cnet\/wp-json\/wp\/v2\/tags?post=22501"}],"curies":[{"name":"wp","href":"https:\/\/api.w.org\/{rel}","templated":true}]}}