{"id":22498,"date":"2023-06-15T00:00:51","date_gmt":"2023-06-15T03:00:51","guid":{"rendered":"http:\/\/catolicanet.net\/wp-cnet\/?p=22498"},"modified":"2023-01-02T16:56:24","modified_gmt":"2023-01-02T19:56:24","slug":"sao-vito","status":"publish","type":"post","link":"https:\/\/catolicanet.net\/wp-cnet\/sao-vito\/","title":{"rendered":"S\u00e3o Vito"},"content":{"rendered":"<p style=\"text-align: justify;\">Vito foi um dos Santos mais populares da Idade M\u00e9dia. Testemunho disso \u00e9 a sua inser\u00e7\u00e3o no limitado grupo dos Santos Auxiliares (os catorze ou quinze, conforme os lugares), cuja intercess\u00e3o era considerada particularmente eficaz, por ocasi\u00f5es de doen\u00e7as ou necessidades caracter\u00edsticas. Como \u00e9 talvez conhecido, os catorze Santos Auxiliadores estavam dispostos em ordem alfab\u00e9tica: Ac\u00e1cio, B\u00e1rbara, Br\u00e1s, Catarina de Alexandria, Cir\u00edaco, Cristov\u00e3o, Dion\u00edsio, Eg\u00eddio, Erasmo, Eust\u00e1quio, Jorge, Margarida, Pantale\u00e3o e Vito. S\u00e3o Vito era invocado sobretudo para esconjurar a coreia, ou dan\u00e7a de s\u00e3o Vito, a letargia, a mordida de animais venenosos e a hidrofobia. A figura de S\u00e3o Vito foi envolvida pela lenda, que se caracterizou na fantasiosa Paix\u00e3o redigida no s\u00e9culo VII, e agora tornar-se imposs\u00edvel distinguir o que \u00e9 verdadeiro e o que \u00e9 lend\u00e1rio, embora seja poss\u00edvel precaver-se das grosseiras inven\u00e7\u00f5es.<\/p>\n<p style=\"text-align: justify;\">\u00c9 com este esp\u00edrito que os especialistas que redigiram o Calend\u00e1rio reformado formularam a respeito de 15 de junho a seguinte nota: \u201cA mem\u00f3ria de S\u00e3o Vito, m\u00e1rtir de Luc\u00e2nia, embora antiga, fica reservada a calend\u00e1rios particulares. Modesto e Cresc\u00eancia por\u00e9m, ao que parece, s\u00e3o pessoas fict\u00edcias, cujos nomes foram inscritos no Calend\u00e1rio romano no s\u00e9culo XI.\u201d A lenda \u00e9 muito conhecida: Vito, siciliano de nascimento, com apenas sete anos j\u00e1 \u00e9 crist\u00e3o convicto e come\u00e7a a operar v\u00e1rios prod\u00edgios. O presidente Valeriano ordena sua pris\u00e3o e tenta com adula\u00e7\u00f5es e com amea\u00e7as faz\u00ea-lo apostatar. Mas de nada valem tamb\u00e9m os desesperados apelos de seu pr\u00f3prio pai, pag\u00e3o obstinado.<\/p>\n<p style=\"text-align: justify;\">O pequeno Vito tem ao seu lado o exemplo de coragem e fidelidade, o pedagogo Modesto e a nutriz Cresc\u00eancia. Os tr\u00eas foram milagrosamente libertados por um anjo e puderam se retirar para Luc\u00e2nia, onde continuaram a dar testemunho da sua f\u00e9 com palavras e prod\u00edgios. A fama de s\u00e3o Vito chegou at\u00e9 aos ouvidos de Diocleciano, cujo filho (fantasia da Paix\u00e3o) estava doente epil\u00e9tico, doen\u00e7a ent\u00e3o impressionante. S\u00e3o Vito foi levado a Roma, curou o mo\u00e7o e por recompensa foi torturado e jogado novamente no c\u00e1rcere. Mas o anjo liberta-o e finalmente, voltando a Luc\u00e2nia, Vito p\u00f4de dar juntamente com Modesto e Cresc\u00eancia o supremo testemunho do mart\u00edrio. N\u00e3o obstante o verniz lend\u00e1rio, S\u00e3o Vito, talvez n\u00e3o tanto como menino nem como taumaturgo, continua estimulando a viv\u00eancia crist\u00e3 de tantos que leram seu nome.<\/p>\n<p style=\"text-align: justify;\">S\u00e3o Vito, rogai por n\u00f3s!<\/p>\n<p style=\"text-align: justify;\"><strong>Outros Santos do mesmo dia:<\/strong> Santo Hes\u00edquio, S\u00e3o Taciano Dulas, S\u00e3o Ors\u00e9lio, S\u00e3o Landelino, Santa Edeburga de Winchester, S\u00e3o Bardo, Beat Jolenta da Hungria, Santa Germana de Pibrac, Beata Luiz Maria Palazzolo, Beato Tom\u00e1s Scryven.<\/p>\n","protected":false},"excerpt":{"rendered":"<p>Vito foi um dos Santos mais populares da Idade M\u00e9dia. Testemunho disso \u00e9 a sua inser\u00e7\u00e3o no limitado grupo dos Santos Auxiliares (os catorze ou quinze, conforme os lugares), cuja intercess\u00e3o era considerada particularmente eficaz, por ocasi\u00f5es de doen\u00e7as ou necessidades caracter\u00edsticas. Como \u00e9 talvez conhecido, os catorze Santos Auxiliadores estavam dispostos em ordem alfab\u00e9tica: [&hellip;]<\/p>\n","protected":false},"author":1,"featured_media":22499,"comment_status":"open","ping_status":"open","sticky":false,"template":"","format":"standard","meta":{"footnotes":""},"categories":[32],"tags":[],"class_list":["post-22498","post","type-post","status-publish","format-standard","has-post-thumbnail","hentry","category-santo-do-dia"],"_links":{"self":[{"href":"https:\/\/catolicanet.net\/wp-cnet\/wp-json\/wp\/v2\/posts\/22498","targetHints":{"allow":["GET"]}}],"collection":[{"href":"https:\/\/catolicanet.net\/wp-cnet\/wp-json\/wp\/v2\/posts"}],"about":[{"href":"https:\/\/catolicanet.net\/wp-cnet\/wp-json\/wp\/v2\/types\/post"}],"author":[{"embeddable":true,"href":"https:\/\/catolicanet.net\/wp-cnet\/wp-json\/wp\/v2\/users\/1"}],"replies":[{"embeddable":true,"href":"https:\/\/catolicanet.net\/wp-cnet\/wp-json\/wp\/v2\/comments?post=22498"}],"version-history":[{"count":1,"href":"https:\/\/catolicanet.net\/wp-cnet\/wp-json\/wp\/v2\/posts\/22498\/revisions"}],"predecessor-version":[{"id":22500,"href":"https:\/\/catolicanet.net\/wp-cnet\/wp-json\/wp\/v2\/posts\/22498\/revisions\/22500"}],"wp:featuredmedia":[{"embeddable":true,"href":"https:\/\/catolicanet.net\/wp-cnet\/wp-json\/wp\/v2\/media\/22499"}],"wp:attachment":[{"href":"https:\/\/catolicanet.net\/wp-cnet\/wp-json\/wp\/v2\/media?parent=22498"}],"wp:term":[{"taxonomy":"category","embeddable":true,"href":"https:\/\/catolicanet.net\/wp-cnet\/wp-json\/wp\/v2\/categories?post=22498"},{"taxonomy":"post_tag","embeddable":true,"href":"https:\/\/catolicanet.net\/wp-cnet\/wp-json\/wp\/v2\/tags?post=22498"}],"curies":[{"name":"wp","href":"https:\/\/api.w.org\/{rel}","templated":true}]}}