{"id":22301,"date":"2023-04-17T00:00:46","date_gmt":"2023-04-17T03:00:46","guid":{"rendered":"http:\/\/catolicanet.net\/wp-cnet\/?p=22301"},"modified":"2023-01-02T18:53:31","modified_gmt":"2023-01-02T21:53:31","slug":"santo-aniceto","status":"publish","type":"post","link":"https:\/\/catolicanet.net\/wp-cnet\/santo-aniceto\/","title":{"rendered":"Santo Aniceto"},"content":{"rendered":"<p style=\"text-align: justify;\">Aniceto nasceu na S\u00edria e foi sucessor do papa S\u00e3o Pio I, em 155, no tempo em que Antonio era o imperador romano. Entretanto, al\u00e9m da persegui\u00e7\u00e3o sistem\u00e1tica por parte do Imp\u00e9rio, o papa Aniceto teve de enfrentar, tamb\u00e9m, cismas internos que abalaram o cristianismo. A come\u00e7ar por Valentim, passando por Marcelina, que fundou a seita dos carpocratitas, considerada muito imoral pela Igreja, e chegando a Marcion, um propagador, com dotes de publicit\u00e1rio, que arregimentou muita gente, e muitos outros. Sem contar a quest\u00e3o da celebra\u00e7\u00e3o da P\u00e1scoa. Todos eles formaram seitas paralelas dentro do catolicismo, dividindo e confundindo os fi\u00e9is e at\u00e9 colocando-os contra a autoridade do papa, desrespeitando a Igreja de Roma. Contudo o papa Aniceto tinha um auxiliar excepcional, Policarpo, que depois tamb\u00e9m se tornou um santo pelo testemunho da f\u00e9, e o ajudou a enfrentar todas essas dificuldades. Policarpo exerceu, tamb\u00e9m, um papel fundamental para que pag\u00e3os se convertessem, por testemunhar que a Igreja de Roma era igual \u00e0 de Jerusal\u00e9m.<\/p>\n<p style=\"text-align: justify;\">Outro de seus auxiliares foi Hegesipo, que escreveu um livro defendendo o papa Aniceto e provando que ele, sim, seguia a doutrina crist\u00e3 correta, e n\u00e3o os integrantes das seitas paralelas. Mesmo com t\u00e3o excelente ajuda, o papa Aniceto teve uma \u00e1rdua miss\u00e3o durante os quase onze anos de seu pontificado, morrendo no ano 166, quase aniquilado pela luta di\u00e1ria em favor da Igreja. Embora tenha morrido num per\u00edodo de persegui\u00e7\u00e3o aos crist\u00e3os, a Igreja n\u00e3o cita a sua morte como a de um m\u00e1rtir. Mas pelo sofrimento que teve ao enfrentar, durante todo o seu governo, os inimigos do cristianismo e da Igreja de Roma, por si s\u00f3 se explica o porqu\u00ea da rever\u00eancia a seu nome. O seu corpo ali\u00e1s, foi a primeira vez que ocorreu com um bispo de Roma, foi sepultado nas escava\u00e7\u00f5es que depois se transformaram nas catacumbas de S\u00e3o Calisto, na It\u00e1lia.<\/p>\n<p style=\"text-align: justify;\">Santo Aniceto, rogai por n\u00f3s!<\/p>\n<p style=\"text-align: justify;\"><strong>Outros Santos do mesmo dia:<\/strong> Santos Map\u00e1lico e companheiros, Santo Inoc\u00eancio. Santo Donato e 52 companheiros, S\u00e3o Roberto Chaise-Dieuu, Santo Estev\u00e3o Harding e Beato Eberardo de Marchtal.<\/p>\n","protected":false},"excerpt":{"rendered":"<p>Aniceto nasceu na S\u00edria e foi sucessor do papa S\u00e3o Pio I, em 155, no tempo em que Antonio era o imperador romano. Entretanto, al\u00e9m da persegui\u00e7\u00e3o sistem\u00e1tica por parte do Imp\u00e9rio, o papa Aniceto teve de enfrentar, tamb\u00e9m, cismas internos que abalaram o cristianismo. A come\u00e7ar por Valentim, passando por Marcelina, que fundou a [&hellip;]<\/p>\n","protected":false},"author":1,"featured_media":22302,"comment_status":"open","ping_status":"open","sticky":false,"template":"","format":"standard","meta":{"footnotes":""},"categories":[32],"tags":[],"class_list":["post-22301","post","type-post","status-publish","format-standard","has-post-thumbnail","hentry","category-santo-do-dia"],"_links":{"self":[{"href":"https:\/\/catolicanet.net\/wp-cnet\/wp-json\/wp\/v2\/posts\/22301","targetHints":{"allow":["GET"]}}],"collection":[{"href":"https:\/\/catolicanet.net\/wp-cnet\/wp-json\/wp\/v2\/posts"}],"about":[{"href":"https:\/\/catolicanet.net\/wp-cnet\/wp-json\/wp\/v2\/types\/post"}],"author":[{"embeddable":true,"href":"https:\/\/catolicanet.net\/wp-cnet\/wp-json\/wp\/v2\/users\/1"}],"replies":[{"embeddable":true,"href":"https:\/\/catolicanet.net\/wp-cnet\/wp-json\/wp\/v2\/comments?post=22301"}],"version-history":[{"count":1,"href":"https:\/\/catolicanet.net\/wp-cnet\/wp-json\/wp\/v2\/posts\/22301\/revisions"}],"predecessor-version":[{"id":22303,"href":"https:\/\/catolicanet.net\/wp-cnet\/wp-json\/wp\/v2\/posts\/22301\/revisions\/22303"}],"wp:featuredmedia":[{"embeddable":true,"href":"https:\/\/catolicanet.net\/wp-cnet\/wp-json\/wp\/v2\/media\/22302"}],"wp:attachment":[{"href":"https:\/\/catolicanet.net\/wp-cnet\/wp-json\/wp\/v2\/media?parent=22301"}],"wp:term":[{"taxonomy":"category","embeddable":true,"href":"https:\/\/catolicanet.net\/wp-cnet\/wp-json\/wp\/v2\/categories?post=22301"},{"taxonomy":"post_tag","embeddable":true,"href":"https:\/\/catolicanet.net\/wp-cnet\/wp-json\/wp\/v2\/tags?post=22301"}],"curies":[{"name":"wp","href":"https:\/\/api.w.org\/{rel}","templated":true}]}}