{"id":22288,"date":"2023-04-24T00:00:59","date_gmt":"2023-04-24T03:00:59","guid":{"rendered":"http:\/\/catolicanet.net\/wp-cnet\/?p=22288"},"modified":"2023-01-02T18:54:35","modified_gmt":"2023-01-02T21:54:35","slug":"santa-maria-isabel-hesselblad","status":"publish","type":"post","link":"https:\/\/catolicanet.net\/wp-cnet\/santa-maria-isabel-hesselblad\/","title":{"rendered":"Santa Maria Isabel Hesselblad"},"content":{"rendered":"<p style=\"text-align: justify;\">Maria Isabel Hesselblad nasceu no dia 04 de junho de 1870, na cidade de Faglavik na Su\u00e9cia. Era a quinta dos treze filhos do casal Augusto Roberto e Caisa, uma fam\u00edlia luterana muito pobre. Desde a sua adolesc\u00eancia, ao ver que as suas amigas frequentando diversas Igrejas, se questionava qual seria o \u00fanico rebanho a que se referia o Evangelho de S\u00e3o Jo\u00e3o. Para ajudar a manter a sua fam\u00edlia, aos dezesseis anos de idade trabalhava como dom\u00e9stica e, dois anos depois, emigrou para os Estados Unidos, onde adoeceu. Nessa ocasi\u00e3o fez uma promessa \u00e0 Jesus, caso ficasse curada se tornaria enfermeira. E de fato assim aconteceu, passando a trabalhar como enfermeira num hospital de Nova Iorque. O contato com os doentes cat\u00f3licos e o grande desejo de encontrar a verdade mantiveram viva na sua alma a busca do rebanho de Cristo. A ora\u00e7\u00e3o, o estudo e a devo\u00e7\u00e3o filial para com a Virgem Maria, o exemplo visto no hospital cat\u00f3lico e a influ\u00eancia decisiva do padre jesu\u00edta Jo\u00e3o Hagen, do convento da Visita\u00e7\u00e3o de Washington que se tornou seu diretor espiritual, que fez estudar com paix\u00e3o a doutrina crist\u00e3, levaram-na a abra\u00e7ar o catolicismo. Assim, por op\u00e7\u00e3o foi batizada \u201csob condi\u00e7\u00e3o\u201d, nesse mesmo convento, no dia 15 de agosto de 1902. Dois anos mais depois foi para Roma, onde recebeu a Confirma\u00e7\u00e3o e\u00a0ali\u00a0com muita clareza compreendeu que sua miss\u00e3o seria trabalhar pela unidade dos crist\u00e3os. Sentiu que o caminho seria atrav\u00e9s Ordem de Santa Br\u00edgida da Su\u00e9cia, casa que visitou e de onde saiu profundamente impressionada.\u00a0Ali\u00a0enquanto rezava, sentiu que Deus lhe dizia: \u201c\u00c9 aqui que desejo que te ponhas ao meu servi\u00e7o\u201d.<\/p>\n<p style=\"text-align: justify;\">No dia 25 de mar\u00e7o de 1904 estabeleceu-se definitivamente em Roma e com uma especial permiss\u00e3o do Papa Pio X, vestiu o h\u00e1bito brigidino na casa de Santa Br\u00edgida, ent\u00e3o ocupada pelas Carmelitas. No dia 09 de setembro de 1911, come\u00e7ando com tr\u00eas jovens postulantes inglesas, restabeleceu a Ordem do Sant\u00edssimo Salvador e de Santa Br\u00edgida, com a miss\u00e3o de orar e trabalhar de modo especial pela uni\u00e3o dos crist\u00e3os na Escandin\u00e1via com a Igreja cat\u00f3lica. Desde o in\u00edcio, incutiu nas suas filhas espirituais a necessidade da uni\u00e3o dos crist\u00e3os, o amor \u00e0 Igreja e ao Papa Romano, a necessidade de orar para que haja um \u00fanico rebanho e um s\u00f3 Pastor. Restabeleceu a casa de Santa Br\u00edgida na Su\u00e9cia em 1923, na It\u00e1lia em 1931 e a expandiu para a \u00cdndia em 1937. Viveu como pioneira do di\u00e1logo ecum\u00eanico at\u00e9 o dia 24 de abril de 1957, quando morreu ap\u00f3s uma longa vida, marcada pelo sofrimento e pela doen\u00e7a. O Papa Jo\u00e3o Paulo II a beatificou no ano 2000, em Roma.<\/p>\n<p style=\"text-align: justify;\">Santa Maria Isabel Hesselblad, rogai por n\u00f3s!<\/p>\n<p style=\"text-align: justify;\"><strong>Outros Santos do mesmo dia:<\/strong> S\u00e3o Fid\u00e9lis de Sigmaringa, S\u00e3o Melito, S\u00e3o Ivo, S\u00e3o Guilherme Firmato, S\u00e3o Alexandre, S\u00e3o Bento Menni e Santa Maria de Santa Eufr\u00e1sia Pelletier.<\/p>\n","protected":false},"excerpt":{"rendered":"<p>Maria Isabel Hesselblad nasceu no dia 04 de junho de 1870, na cidade de Faglavik na Su\u00e9cia. Era a quinta dos treze filhos do casal Augusto Roberto e Caisa, uma fam\u00edlia luterana muito pobre. Desde a sua adolesc\u00eancia, ao ver que as suas amigas frequentando diversas Igrejas, se questionava qual seria o \u00fanico rebanho a [&hellip;]<\/p>\n","protected":false},"author":1,"featured_media":22289,"comment_status":"open","ping_status":"open","sticky":false,"template":"","format":"standard","meta":{"footnotes":""},"categories":[32],"tags":[],"class_list":["post-22288","post","type-post","status-publish","format-standard","has-post-thumbnail","hentry","category-santo-do-dia"],"_links":{"self":[{"href":"https:\/\/catolicanet.net\/wp-cnet\/wp-json\/wp\/v2\/posts\/22288","targetHints":{"allow":["GET"]}}],"collection":[{"href":"https:\/\/catolicanet.net\/wp-cnet\/wp-json\/wp\/v2\/posts"}],"about":[{"href":"https:\/\/catolicanet.net\/wp-cnet\/wp-json\/wp\/v2\/types\/post"}],"author":[{"embeddable":true,"href":"https:\/\/catolicanet.net\/wp-cnet\/wp-json\/wp\/v2\/users\/1"}],"replies":[{"embeddable":true,"href":"https:\/\/catolicanet.net\/wp-cnet\/wp-json\/wp\/v2\/comments?post=22288"}],"version-history":[{"count":1,"href":"https:\/\/catolicanet.net\/wp-cnet\/wp-json\/wp\/v2\/posts\/22288\/revisions"}],"predecessor-version":[{"id":22290,"href":"https:\/\/catolicanet.net\/wp-cnet\/wp-json\/wp\/v2\/posts\/22288\/revisions\/22290"}],"wp:featuredmedia":[{"embeddable":true,"href":"https:\/\/catolicanet.net\/wp-cnet\/wp-json\/wp\/v2\/media\/22289"}],"wp:attachment":[{"href":"https:\/\/catolicanet.net\/wp-cnet\/wp-json\/wp\/v2\/media?parent=22288"}],"wp:term":[{"taxonomy":"category","embeddable":true,"href":"https:\/\/catolicanet.net\/wp-cnet\/wp-json\/wp\/v2\/categories?post=22288"},{"taxonomy":"post_tag","embeddable":true,"href":"https:\/\/catolicanet.net\/wp-cnet\/wp-json\/wp\/v2\/tags?post=22288"}],"curies":[{"name":"wp","href":"https:\/\/api.w.org\/{rel}","templated":true}]}}