{"id":22078,"date":"2023-01-05T00:00:54","date_gmt":"2023-01-05T03:00:54","guid":{"rendered":"http:\/\/catolicanet.net\/wp-cnet\/?p=22078"},"modified":"2023-01-02T17:44:26","modified_gmt":"2023-01-02T20:44:26","slug":"santo-joao-nepomuceno-neumann","status":"publish","type":"post","link":"https:\/\/catolicanet.net\/wp-cnet\/santo-joao-nepomuceno-neumann\/","title":{"rendered":"Santo Jo\u00e3o Nepomuceno Neumann"},"content":{"rendered":"<p style=\"text-align: justify;\"><span class=\"style18\">J<\/span>o\u00e3o Nepomuceno nasceu na Bo\u00eamia, atual Eslov\u00e1quia, no dia 28 de mar\u00e7o de 1811, filho de Felipe Neumann e Agnes Lebis. Freq\u00fcentou a escola em sua cidade natal e entrou para o semin\u00e1rio em 1831. Era autodidata, por isto, sua educa\u00e7\u00e3o acad\u00eamica foi aprimorada com o dom\u00ednio e flu\u00eancia de v\u00e1rios idiomas.<\/p>\n<p>Jo\u00e3o completou a prepara\u00e7\u00e3o para o sacerd\u00f3cio em 1835. Desejava ser padre logo, por\u00e9m o bispo suspendeu as ordena\u00e7\u00f5es, pelo excesso de padres nas dioceses da Bo\u00eamia. Mas Jo\u00e3o n\u00e3o desistiu. Aprendeu ingl\u00eas trabalhando, e escreveu aos bispos dos Estados Unidos. A resposta veio do bispo de Nova Iorque. Jo\u00e3o abandonou a fam\u00edlia e cruzou o oceano para ser sacerdote, atendendo ao chamado de Deus, numa terra nova e distante.<\/p>\n<p>A diocese nova-iorquina possu\u00eda apenas tr\u00eas d\u00fazia de padres para mais de duzentos mil cat\u00f3licos. Padre Jo\u00e3o recebeu uma par\u00f3quia onde a igreja n\u00e3o tinha torre e o ch\u00e3o era de terra. Mas isso n\u00e3o o preocupava muito, pois ele passava o seu tempo visitando doentes, ensinando e evangelizando.<\/p>\n<p>Padre Jo\u00e3o tinha a inten\u00e7\u00e3o de participar de uma congrega\u00e7\u00e3o, por isto procurou padres redentoristas, que se dedicavam aos pobres e abandonados. Foi aceito e ingressou na Congrega\u00e7\u00e3o e se tornou o primeiro padre ordenado no novo continente a professar as Regras dos redentoristas na Am\u00e9rica, em 1842. Sua flu\u00eancia de idiomas o qualificou para o trabalho na sociedade americana composta de muitas l\u00ednguas, no s\u00e9culo dezenove.<\/p>\n<p>Em 1847 foi eleito pela Congrega\u00e7\u00e3o o superior geral dos redentoristas nos Estados Unidos. Jo\u00e3o ocupou o cargo durante dois anos, quando a funda\u00e7\u00e3o americana passava por um per\u00edodo dif\u00edcil de adapta\u00e7\u00e3o. Deixou a fun\u00e7\u00e3o com os padres redentoristas bem preparados para serem uma congrega\u00e7\u00e3o aut\u00f4noma, o que ocorreu em 1850.<\/p>\n<p>O Padre Neumann foi nomeado Bispo de Filad\u00e9lfia em 1852. Sua diocese era muito grande e se desenvolvia com muita rapidez. Por isto, decidiu introduzir no pa\u00eds a educa\u00e7\u00e3o cat\u00f3lica. Organizou um sistema diocesano de escolas cat\u00f3licas, fundou a congrega\u00e7\u00e3o das Irm\u00e3s da Ordem Terceira de S\u00e3o Francisco para ensinarem nas escolas, que na sua diocese em pouco tempo duplicaram. Padre Jo\u00e3o construiu mais de oitenta igrejas durante o seu bispado, dentre elas iniciou a catedral de S\u00e3o Pedro e S\u00e3o Paulo.<\/p>\n<p>Padre Jo\u00e3o Neumann era um homem de estatura pequena e de sa\u00fade fr\u00e1gil, mas sempre se manteve muito ativo. Al\u00e9m das obriga\u00e7\u00f5es pastorais, achou tempo para a atividade liter\u00e1ria. Ele escreveu in\u00fameros artigos em revistas e jornais cat\u00f3licos; publicou dois catecismos e uma hist\u00f3ria da B\u00edblia para as escolas.<\/p>\n<p>Ele morreu de repente enquanto caminhava pela rua de sua cidade episcopal. Era 5 de janeiro de 1860. O papa Paulo VI o beatificou em 1963 e foi canonizado pelo mesmo papa no dia 17 de junho de 1977, em Roma. Na cerim\u00f4nia, assistida por uma multid\u00e3o de fi\u00e9is americanos que fizeram a mesma rota mar\u00edtima do Santo Jo\u00e3o Nepomuceno Neumann, s\u00f3 que em sentido inverso, o Papa decretou o dia 5 de janeiro para seu culto lit\u00fargico.<\/p>\n<p style=\"text-align: justify;\">Santo Jo\u00e3o Nepomuceno Neumann, rogai por n\u00f3s!<\/p>\n","protected":false},"excerpt":{"rendered":"<p>Jo\u00e3o Nepomuceno nasceu na Bo\u00eamia, atual Eslov\u00e1quia, no dia 28 de mar\u00e7o de 1811, filho de Felipe Neumann e Agnes Lebis. Freq\u00fcentou a escola em sua cidade natal e entrou para o semin\u00e1rio em 1831. Era autodidata, por isto, sua educa\u00e7\u00e3o acad\u00eamica foi aprimorada com o dom\u00ednio e flu\u00eancia de v\u00e1rios idiomas. Jo\u00e3o completou a [&hellip;]<\/p>\n","protected":false},"author":1,"featured_media":22079,"comment_status":"open","ping_status":"open","sticky":false,"template":"","format":"standard","meta":{"footnotes":""},"categories":[32],"tags":[],"class_list":["post-22078","post","type-post","status-publish","format-standard","has-post-thumbnail","hentry","category-santo-do-dia"],"_links":{"self":[{"href":"https:\/\/catolicanet.net\/wp-cnet\/wp-json\/wp\/v2\/posts\/22078","targetHints":{"allow":["GET"]}}],"collection":[{"href":"https:\/\/catolicanet.net\/wp-cnet\/wp-json\/wp\/v2\/posts"}],"about":[{"href":"https:\/\/catolicanet.net\/wp-cnet\/wp-json\/wp\/v2\/types\/post"}],"author":[{"embeddable":true,"href":"https:\/\/catolicanet.net\/wp-cnet\/wp-json\/wp\/v2\/users\/1"}],"replies":[{"embeddable":true,"href":"https:\/\/catolicanet.net\/wp-cnet\/wp-json\/wp\/v2\/comments?post=22078"}],"version-history":[{"count":1,"href":"https:\/\/catolicanet.net\/wp-cnet\/wp-json\/wp\/v2\/posts\/22078\/revisions"}],"predecessor-version":[{"id":22080,"href":"https:\/\/catolicanet.net\/wp-cnet\/wp-json\/wp\/v2\/posts\/22078\/revisions\/22080"}],"wp:featuredmedia":[{"embeddable":true,"href":"https:\/\/catolicanet.net\/wp-cnet\/wp-json\/wp\/v2\/media\/22079"}],"wp:attachment":[{"href":"https:\/\/catolicanet.net\/wp-cnet\/wp-json\/wp\/v2\/media?parent=22078"}],"wp:term":[{"taxonomy":"category","embeddable":true,"href":"https:\/\/catolicanet.net\/wp-cnet\/wp-json\/wp\/v2\/categories?post=22078"},{"taxonomy":"post_tag","embeddable":true,"href":"https:\/\/catolicanet.net\/wp-cnet\/wp-json\/wp\/v2\/tags?post=22078"}],"curies":[{"name":"wp","href":"https:\/\/api.w.org\/{rel}","templated":true}]}}