{"id":20931,"date":"2017-03-09T12:21:23","date_gmt":"2017-03-09T15:21:23","guid":{"rendered":"http:\/\/catolicanet.net\/wp-cnet\/2017\/03\/09\/panama-2019-propostas-para-logo-e-hino-superam-previsoes\/"},"modified":"2017-06-02T11:34:27","modified_gmt":"2017-06-02T14:34:27","slug":"panama-2019-propostas-para-logo-e-hino-superam-previsoes","status":"publish","type":"post","link":"https:\/\/catolicanet.net\/wp-cnet\/panama-2019-propostas-para-logo-e-hino-superam-previsoes\/","title":{"rendered":"Panam\u00e1 2019: propostas para logo e hino superam previs\u00f5es"},"content":{"rendered":"<p style=\"text-align: justify;\"><img decoding=\"async\" src=\"http:\/\/www.catolicanet.com.br\/images\/stories\/ap3770746_articolo.jpg\" border=\"0\" align=\"left\" \/>Cidade do Vaticano (RV) \u2013\u00a0 \u201cO n\u00famero superou em quase o dobro as nossas expectativas, os concorrentes dever\u00e3o ter um pouco mais de paci\u00eancia\u201d, declarou \u00e0 R\u00e1dio Vaticano Victor Chang, Secret\u00e1rio Executivo da Jornada Mundial da Juventude da Cidade do Panam\u00e1 em 2019.<\/p>\n<p style=\"text-align: justify;\">\u00a0<\/p>\n<p style=\"text-align: justify;\"><a href=\"http:\/\/media02.radiovaticana.va\/audio\/audio2\/mp3\/00573045.mp3\">Clique aqui para ouvir:<\/a><\/p>\n<p style=\"text-align: justify;\">\u00a0<\/p>\n<p style=\"text-align: justify;\">Devido a grande quantidade de propostas recebidas \u2013 103 para o logotipo e 57 para o hino, o prazo para a divulga\u00e7\u00e3o dos vencedores \u2013 que seria em 17 de mar\u00e7o \u2013 ter\u00e1 que ser prorrogado.<\/p>\n<p>\u201cN\u00e3o pens\u00e1vamos em receber tantas propostas: o tempo que hav\u00edamos estipulado era para um n\u00famero moderado de propostas. Recebemos quase o dobro do que t\u00ednhamos planejado e fomos obrigados a criar uma equipe de avalia\u00e7\u00e3o maior e um prazo mais flex\u00edvel para fazer um melhor discernimento das propostas. Para isso, incrementamos o comit\u00ea de sele\u00e7\u00e3o, tanto para o logo como para o hino, e mudamos tamb\u00e9m a metodologia: agora vamos fazer uma pr\u00e9-sele\u00e7\u00e3o para nos concentrarmos naqueles que re\u00fanam as caracter\u00edsticas e s\u00f3 ent\u00e3o proceder a uma sele\u00e7\u00e3o final com os melhores. A\u00ed, nos sentaremos com os representantes do vaticano para escolher aqueles que representem melhor os requisitos que buscamos\u201d.<\/p>\n<p style=\"text-align: justify;\">\u00a0<\/p>\n<p style=\"text-align: justify;\">Fonte: R\u00e1dio Vaticano<\/p>\n","protected":false},"excerpt":{"rendered":"<p>Cidade do Vaticano (RV) \u2013\u00a0 \u201cO n\u00famero superou em quase o dobro as nossas expectativas, os concorrentes dever\u00e3o ter um pouco mais de paci\u00eancia\u201d, declarou \u00e0 R\u00e1dio Vaticano Victor Chang, Secret\u00e1rio Executivo da Jornada Mundial da Juventude da Cidade do Panam\u00e1 em 2019. \u00a0 Clique aqui para ouvir: \u00a0 Devido a grande quantidade de propostas [&hellip;]<\/p>\n","protected":false},"author":1,"featured_media":20930,"comment_status":"open","ping_status":"open","sticky":false,"template":"","format":"standard","meta":{"footnotes":""},"categories":[3],"tags":[],"class_list":["post-20931","post","type-post","status-publish","format-standard","has-post-thumbnail","hentry","category-vaticano"],"_links":{"self":[{"href":"https:\/\/catolicanet.net\/wp-cnet\/wp-json\/wp\/v2\/posts\/20931","targetHints":{"allow":["GET"]}}],"collection":[{"href":"https:\/\/catolicanet.net\/wp-cnet\/wp-json\/wp\/v2\/posts"}],"about":[{"href":"https:\/\/catolicanet.net\/wp-cnet\/wp-json\/wp\/v2\/types\/post"}],"author":[{"embeddable":true,"href":"https:\/\/catolicanet.net\/wp-cnet\/wp-json\/wp\/v2\/users\/1"}],"replies":[{"embeddable":true,"href":"https:\/\/catolicanet.net\/wp-cnet\/wp-json\/wp\/v2\/comments?post=20931"}],"version-history":[{"count":1,"href":"https:\/\/catolicanet.net\/wp-cnet\/wp-json\/wp\/v2\/posts\/20931\/revisions"}],"predecessor-version":[{"id":27106,"href":"https:\/\/catolicanet.net\/wp-cnet\/wp-json\/wp\/v2\/posts\/20931\/revisions\/27106"}],"wp:featuredmedia":[{"embeddable":true,"href":"https:\/\/catolicanet.net\/wp-cnet\/wp-json\/wp\/v2\/media\/20930"}],"wp:attachment":[{"href":"https:\/\/catolicanet.net\/wp-cnet\/wp-json\/wp\/v2\/media?parent=20931"}],"wp:term":[{"taxonomy":"category","embeddable":true,"href":"https:\/\/catolicanet.net\/wp-cnet\/wp-json\/wp\/v2\/categories?post=20931"},{"taxonomy":"post_tag","embeddable":true,"href":"https:\/\/catolicanet.net\/wp-cnet\/wp-json\/wp\/v2\/tags?post=20931"}],"curies":[{"name":"wp","href":"https:\/\/api.w.org\/{rel}","templated":true}]}}