{"id":20927,"date":"2017-03-08T16:26:10","date_gmt":"2017-03-08T19:26:10","guid":{"rendered":"http:\/\/catolicanet.net\/wp-cnet\/2017\/03\/08\/dia-da-mulher-mensagem-de-fatima-fundamenta-se-em-lduas-grandes-figuras-femininasr\/"},"modified":"2017-05-30T16:13:16","modified_gmt":"2017-05-30T19:13:16","slug":"dia-da-mulher-mensagem-de-fatima-fundamenta-se-em-lduas-grandes-figuras-femininasr","status":"publish","type":"post","link":"https:\/\/catolicanet.net\/wp-cnet\/dia-da-mulher-mensagem-de-fatima-fundamenta-se-em-lduas-grandes-figuras-femininasr\/","title":{"rendered":"Dia da Mulher: Mensagem de F\u00e1tima fundamenta-se em \u00abduas grandes figuras femininas\u00bb"},"content":{"rendered":"<p style=\"text-align: justify;\"><img decoding=\"async\" src=\"http:\/\/www.catolicanet.com.br\/images\/stories\/noticias\/angela_coelho_marco2017_lfs.jpg\" border=\"0\" align=\"left\" \/>Nossa Senhora e a Irm\u00e3 L\u00facia expressam o Evangelho \u00abde uma forma materna\u00bb, considera a irm\u00e3 \u00c2ngela Coelho<\/p>\n<p>F\u00e1tima, 08 mar 2017 (Ecclesia) \u2013 A postuladora da causa de canoniza\u00e7\u00e3o dos beatos Francisco e Jacinta Marto disse hoje que Nossa Senhora e a Irm\u00e3 L\u00facia s\u00e3o as \u201cduas grandes figuras femininas da Mensagem de F\u00e1tima\u201d, que traduz o Evangelho de uma \u201cforma materna\u201d.<\/p>\n<p>Em declara\u00e7\u00f5es \u00e0 Ag\u00eancia ECCLESIA, a irm\u00e3 \u00c2ngela Coelho afirmou que a Mensagem de F\u00e1tima revela\u00a0 \u201cuma forma materna\u201d de exprimir as \u201cverdades do Evangelho\u201d, traduzida tamb\u00e9m nas express\u00f5es que Nossa Senhora diz \u00e0 Irm\u00e3 L\u00facia\u00a0 \u2018n\u00e3o tenhas medo, eu nunca te deixarei\u2019, ou \u2018o meu cora\u00e7\u00e3o ser\u00e1 o teu ref\u00fagio.<\/p>\n<p>A postuladora da causa de canoniza\u00e7\u00e3o dos beatos Francisco e Jacinta Marto referiu tamb\u00e9m que a Irm\u00e3 L\u00facia revela nos seus escritos que n\u00e3o \u00e9 indiferente \u00e0 valoriza\u00e7\u00e3o da mulher na Igreja Cat\u00f3lica, como aconteceu com a proclama\u00e7\u00e3o de Santa Teresa de \u00c1vila doutora da Igreja.<\/p>\n<p>\u201cA Irm\u00e3 L\u00facia vibra nos seus escritos quando Paulo VI atribuiu o t\u00edtulo de doutora da Igreja a Santa Teresa de \u00c1vila por perceber que a mulher tem a miss\u00e3o dentro da Igreja, pela participa\u00e7\u00e3o do sacerd\u00f3cio comum dos fi\u00e9is, pelo batismo, de anunciar o Evangelho, a Boa Nova\u201d, disse a tamb\u00e9m vice-postuladora da causa de canoniza\u00e7\u00e3o da Irm\u00e3 L\u00facia.<\/p>\n<p>A Irm\u00e3 \u00c2ngela Coelho sublinhou a aten\u00e7\u00e3o da Irm\u00e3 L\u00facia \u00e0 valoriza\u00e7\u00e3o que a Igreja fez da mulher no Conc\u00edlio Vaticano II e tamb\u00e9m \u201cao atribuir o t\u00edtulo de doutora da Igreja a Teresa de \u00c1vila\u201d.<\/p>\n<p>\u201c[A Irm\u00e3 L\u00facia] sente-se muito mais confort\u00e1vel no seu minist\u00e9rio de espalhar a Mensagem de F\u00e1tima, ainda que nos limites pr\u00f3prios da clausura\u201d, indicou a irm\u00e3 \u00c2ngela Coelho.<\/p>\n<p>A edi\u00e7\u00e3o do pr\u00f3ximo seman\u00e1rio digital Ecclesia tem por dossier principal o Centen\u00e1rio das Apari\u00e7\u00f5es de F\u00e1tima, a dois meses de ser celebrado com a presen\u00e7a do Papa Francisco, onde se publica uma entrevista da Irm\u00e3 \u00c2ngela Coelho \u00e0 Ag\u00eancia ECCLESIA sobre a Mensagem de F\u00e1tima e a sua proposta na atualidade.<\/p>\n<p style=\"text-align: justify;\">\u00a0<\/p>\n<p style=\"text-align: justify;\">Fonte: Ag\u00eancia Ecclesia<\/p>\n","protected":false},"excerpt":{"rendered":"<p>Nossa Senhora e a Irm\u00e3 L\u00facia expressam o Evangelho \u00abde uma forma materna\u00bb, considera a irm\u00e3 \u00c2ngela Coelho F\u00e1tima, 08 mar 2017 (Ecclesia) \u2013 A postuladora da causa de canoniza\u00e7\u00e3o dos beatos Francisco e Jacinta Marto disse hoje que Nossa Senhora e a Irm\u00e3 L\u00facia s\u00e3o as \u201cduas grandes figuras femininas da Mensagem de F\u00e1tima\u201d, [&hellip;]<\/p>\n","protected":false},"author":1,"featured_media":20926,"comment_status":"open","ping_status":"open","sticky":false,"template":"","format":"standard","meta":{"footnotes":""},"categories":[4],"tags":[],"class_list":["post-20927","post","type-post","status-publish","format-standard","has-post-thumbnail","hentry","category-cotidiano"],"_links":{"self":[{"href":"https:\/\/catolicanet.net\/wp-cnet\/wp-json\/wp\/v2\/posts\/20927","targetHints":{"allow":["GET"]}}],"collection":[{"href":"https:\/\/catolicanet.net\/wp-cnet\/wp-json\/wp\/v2\/posts"}],"about":[{"href":"https:\/\/catolicanet.net\/wp-cnet\/wp-json\/wp\/v2\/types\/post"}],"author":[{"embeddable":true,"href":"https:\/\/catolicanet.net\/wp-cnet\/wp-json\/wp\/v2\/users\/1"}],"replies":[{"embeddable":true,"href":"https:\/\/catolicanet.net\/wp-cnet\/wp-json\/wp\/v2\/comments?post=20927"}],"version-history":[{"count":1,"href":"https:\/\/catolicanet.net\/wp-cnet\/wp-json\/wp\/v2\/posts\/20927\/revisions"}],"predecessor-version":[{"id":24683,"href":"https:\/\/catolicanet.net\/wp-cnet\/wp-json\/wp\/v2\/posts\/20927\/revisions\/24683"}],"wp:featuredmedia":[{"embeddable":true,"href":"https:\/\/catolicanet.net\/wp-cnet\/wp-json\/wp\/v2\/media\/20926"}],"wp:attachment":[{"href":"https:\/\/catolicanet.net\/wp-cnet\/wp-json\/wp\/v2\/media?parent=20927"}],"wp:term":[{"taxonomy":"category","embeddable":true,"href":"https:\/\/catolicanet.net\/wp-cnet\/wp-json\/wp\/v2\/categories?post=20927"},{"taxonomy":"post_tag","embeddable":true,"href":"https:\/\/catolicanet.net\/wp-cnet\/wp-json\/wp\/v2\/tags?post=20927"}],"curies":[{"name":"wp","href":"https:\/\/api.w.org\/{rel}","templated":true}]}}