{"id":20907,"date":"2017-03-08T13:13:44","date_gmt":"2017-03-08T16:13:44","guid":{"rendered":"http:\/\/catolicanet.net\/wp-cnet\/2017\/03\/08\/coragem-e-harmonia-as-mulheres-segundo-francisco\/"},"modified":"2017-06-02T10:08:52","modified_gmt":"2017-06-02T13:08:52","slug":"coragem-e-harmonia-as-mulheres-segundo-francisco","status":"publish","type":"post","link":"https:\/\/catolicanet.net\/wp-cnet\/coragem-e-harmonia-as-mulheres-segundo-francisco\/","title":{"rendered":"Coragem e harmonia: as mulheres segundo Francisco"},"content":{"rendered":"<p style=\"text-align: justify;\"><img decoding=\"async\" src=\"http:\/\/www.catolicanet.com.br\/images\/stories\/noticias\/ap2449445_articolo.jpg\" border=\"0\" align=\"left\" \/>Cidade do Vaticano (RV) &#8211; Esta \u00e9 a opini\u00e3o do Papa Francisco: as mulheres s\u00e3o mais corajosas que os homens. Nestes quatro anos de pontificado, o Pont\u00edfice n\u00e3o perdeu a oportunidade de falar o que pensa das mulheres, dentro e fora da Igreja.<\/p>\n<p style=\"text-align: justify;\">\u00a0<\/p>\n<p style=\"text-align: justify;\"><a href=\"http:\/\/media02.radiovaticana.va\/audio\/audio2\/mp3\/00572885.mp3\">Clique aqui para ouvir:<\/a><\/p>\n<p style=\"text-align: justify;\">\u00a0<\/p>\n<p style=\"text-align: justify;\">Em catequeses ou homilias, Francisco faz uma verdadeira ode \u00e0 figura feminina.<\/p>\n<p>Como por exemplo na homilia de 9 de fevereiro passado, em que o Papa afirmou que para entender uma mulher antes \u00e9 necess\u00e1rio \u201csonh\u00e1-la\u201d. \u00c9 a mulher, reconheceu, \u201cque nos ensina a acariciar, a amar com ternura e que faz do mundo uma coisa bela\u201d. Sem a mulher n\u00e3o h\u00e1 harmonia no mundo. E se \u201cexplorar as pessoas \u00e9 um crime de lesa humanidade, explorar uma mulher \u00e9 mais do que um delito e de um crime: significa destruir a harmonia que Deus quis proporcionar ao mundo\u201d.<\/p>\n<p>Desafios<\/p>\n<p>Mas Francisco est\u00e1 consciente dos desafios que as mulheres devem enfrentar, inclusive dentro da pr\u00f3pria Igreja. O Papa confessou que sofre com v\u00ea as mulheres desempenhando um papel de servid\u00e3o em ambientes eclesiais (discurso aos participantes do Semin\u00e1rio sobre a Carta Apost\u00f3lica de Jo\u00e3o Paulo II \u201cMulieris dignitatem\u201d em 12 de outubro de 2013).<\/p>\n<p>E reconheceu (no di\u00e1logo que manteve com as participantes na plen\u00e1ria da Uni\u00e3o Internacional das Superioras-Gerais &#8211; UISG, em maio de 2016): \u201c\u00c9 verdade que as mulheres s\u00e3o exclu\u00eddas dos processos decis\u00f3rios na Igreja: n\u00e3o exclu\u00eddas, mas \u00e9 muito fr\u00e1gil a inser\u00e7\u00e3o das mulheres ali, nos processos decis\u00f3rios\u201d. Qual \u00e9 a presen\u00e7a da mulher na Igreja? De que modo pode ser valorizada? \u201cO papel da mulher na Igreja n\u00e3o \u00e9 feminismo, \u00e9 um direito!\u201d<\/p>\n<p>Mudan\u00e7as<\/p>\n<p>Aos poucos, algo vem mudando no Vaticano&#8230;. Francisco instituiu uma Comiss\u00e3o de Estudo para o diaconato feminino, nomeou uma reitora para uma Universidade Pontif\u00edcia, o Pontif\u00edcio Conselho para a Cultura criou uma Comiss\u00e3o, as funcion\u00e1rias do Vaticano se organizaram numa Associa\u00e7\u00e3o&#8230; s\u00e3o pequenos passos numa longa caminhada, considerando por exemplo que de cada 100 religiosos, 83 s\u00e3o mulheres. Como diz o pr\u00f3prio Papa, a \u201cIgreja \u00e9 mulher\u201d. <\/p>\n<p>\u201cEste \u00e9 o grande dom de Deus: nos deu a mulher. No Evangelho, ouvimos do que \u00e9 capaz uma mulher. Mas \u00e9 algo mais: a mulher \u00e9 a harmonia, \u00e9 a poesia, \u00e9 a beleza. Sem ela o mundo n\u00e3o seria belo, n\u00e3o seria harm\u00f4nico. Gosto de pensar, mas isso \u00e9 algo pessoal, que Deus criou a mulher para que todos n\u00f3s tiv\u00e9ssemos uma m\u00e3e.\u201d<\/p>\n<p style=\"text-align: justify;\">\u00a0<\/p>\n<p style=\"text-align: justify;\">Fonte: R\u00e1dio Vaticano<\/p>\n","protected":false},"excerpt":{"rendered":"<p>Cidade do Vaticano (RV) &#8211; Esta \u00e9 a opini\u00e3o do Papa Francisco: as mulheres s\u00e3o mais corajosas que os homens. Nestes quatro anos de pontificado, o Pont\u00edfice n\u00e3o perdeu a oportunidade de falar o que pensa das mulheres, dentro e fora da Igreja. \u00a0 Clique aqui para ouvir: \u00a0 Em catequeses ou homilias, Francisco faz [&hellip;]<\/p>\n","protected":false},"author":1,"featured_media":20906,"comment_status":"open","ping_status":"open","sticky":false,"template":"","format":"standard","meta":{"footnotes":""},"categories":[3],"tags":[],"class_list":["post-20907","post","type-post","status-publish","format-standard","has-post-thumbnail","hentry","category-vaticano"],"_links":{"self":[{"href":"https:\/\/catolicanet.net\/wp-cnet\/wp-json\/wp\/v2\/posts\/20907","targetHints":{"allow":["GET"]}}],"collection":[{"href":"https:\/\/catolicanet.net\/wp-cnet\/wp-json\/wp\/v2\/posts"}],"about":[{"href":"https:\/\/catolicanet.net\/wp-cnet\/wp-json\/wp\/v2\/types\/post"}],"author":[{"embeddable":true,"href":"https:\/\/catolicanet.net\/wp-cnet\/wp-json\/wp\/v2\/users\/1"}],"replies":[{"embeddable":true,"href":"https:\/\/catolicanet.net\/wp-cnet\/wp-json\/wp\/v2\/comments?post=20907"}],"version-history":[{"count":1,"href":"https:\/\/catolicanet.net\/wp-cnet\/wp-json\/wp\/v2\/posts\/20907\/revisions"}],"predecessor-version":[{"id":27110,"href":"https:\/\/catolicanet.net\/wp-cnet\/wp-json\/wp\/v2\/posts\/20907\/revisions\/27110"}],"wp:featuredmedia":[{"embeddable":true,"href":"https:\/\/catolicanet.net\/wp-cnet\/wp-json\/wp\/v2\/media\/20906"}],"wp:attachment":[{"href":"https:\/\/catolicanet.net\/wp-cnet\/wp-json\/wp\/v2\/media?parent=20907"}],"wp:term":[{"taxonomy":"category","embeddable":true,"href":"https:\/\/catolicanet.net\/wp-cnet\/wp-json\/wp\/v2\/categories?post=20907"},{"taxonomy":"post_tag","embeddable":true,"href":"https:\/\/catolicanet.net\/wp-cnet\/wp-json\/wp\/v2\/tags?post=20907"}],"curies":[{"name":"wp","href":"https:\/\/api.w.org\/{rel}","templated":true}]}}