{"id":20901,"date":"2017-03-07T18:44:21","date_gmt":"2017-03-07T21:44:21","guid":{"rendered":"http:\/\/catolicanet.net\/wp-cnet\/2017\/03\/07\/americavenezuela-cada-vez-mais-pessoas-revistam-o-lixo-procurando-comida-denuncia-dom-gutierrez\/"},"modified":"2017-05-30T16:13:17","modified_gmt":"2017-05-30T19:13:17","slug":"americavenezuela-cada-vez-mais-pessoas-revistam-o-lixo-procurando-comida-denuncia-dom-gutierrez","status":"publish","type":"post","link":"https:\/\/catolicanet.net\/wp-cnet\/americavenezuela-cada-vez-mais-pessoas-revistam-o-lixo-procurando-comida-denuncia-dom-gutierrez\/","title":{"rendered":"AM\u00c9RICA\/VENEZUELA &#8211; \u201cCada vez mais pessoas revistam o lixo procurando comida\u201d, denuncia Dom Gutierrez"},"content":{"rendered":"<p style=\"text-align: justify;\"><img decoding=\"async\" src=\"http:\/\/www.catolicanet.com.br\/images\/stories\/noticias\/primopiano_3554.jpg\" border=\"0\" align=\"left\" \/>Ciudad Bolivar (Ag\u00eancia Fides) \u2013 O Arcebispo de Ciudad Bolivar, Dom Ulises Antonio Guti\u00e9rrez Reyes, O. de M. lamentou que a cada dia sempre mais pessoas revistam o lixo procurando comido, porque n\u00e3o t\u00eam nada para colocar na mesa.<br \/>\u201cE aqui n\u00e3o se fala de moradores de rua ou medicantes, mas de homens, mulheres e crian\u00e7as que procuram comida no lixo\u201d disse Dom Gutierrez falando \u00e0 imprensa local.<br \/>O Arcebispo especificou que n\u00e3o \u00e9 uma condi\u00e7\u00e3o de poucos, mas s\u00e3o centenas as fam\u00edlias de Ciudad Bolivar que n\u00e3o t\u00eam nada para comer. O baixo sal\u00e1rio e os altos custos dos alimentos n\u00e3o permitem as fam\u00edlias de se alimentarem regularmente como devem.<br \/>\u201cRecentemente, encontrei um senhor que procurava comida no lixo e conversando, me disse que trabalha, mas que com seu sal\u00e1rio n\u00e3o consegue alimentar os filhos e deve procurar no lixo\u201d recordou Dom Gutierrez, observando tamb\u00e9m que o n\u00famero de pessoas que mendigam nas ruas aumentou muito.<br \/>\u201cNo arcebispado, todos os dias chegam muitas pessoas em busca de alimento e medicamentos\u201d, contou. O Arcebispado se tornou um ponto de escambo e distribui\u00e7\u00e3o de medicamentos. Com a ajuda da Caritas Venezuela puderam enfrentar a falta de rem\u00e9dios, \u201cmas s\u00e3o cada vez mais os que precisam deles e \u00e9 triste ter que dizer que n\u00e3o temos\u201d.<br \/>O governo n\u00e3o quer ver esta situa\u00e7\u00e3o, disse o Arcebispo, enquanto a comunidade cat\u00f3lica iniciou Quarta-feira de Cinzas a Campanha \u201cCompartir\u201d, que distribui alimentos aos mais pobres nas par\u00f3quias: \u201cEm uma de nossas par\u00f3quias se distribuem at\u00e9 600 refei\u00e7\u00f5es por dia\u201d.<br \/>Concluindo, Dom Gutierrez disse que o povo venezuelano n\u00e3o merece viver assim, pois o pa\u00eds tem muitos recursos. \u201cCreio que este governo est\u00e1 administrando muito mal os recursos e as riquezas do pa\u00eds\u201d, comentou.<\/p>\n<p style=\"text-align: justify;\">\u00a0<\/p>\n<p style=\"text-align: justify;\">Fonte: Ag\u00eancia Fides<\/p>\n","protected":false},"excerpt":{"rendered":"<p>Ciudad Bolivar (Ag\u00eancia Fides) \u2013 O Arcebispo de Ciudad Bolivar, Dom Ulises Antonio Guti\u00e9rrez Reyes, O. de M. lamentou que a cada dia sempre mais pessoas revistam o lixo procurando comido, porque n\u00e3o t\u00eam nada para colocar na mesa.\u201cE aqui n\u00e3o se fala de moradores de rua ou medicantes, mas de homens, mulheres e crian\u00e7as [&hellip;]<\/p>\n","protected":false},"author":1,"featured_media":20900,"comment_status":"open","ping_status":"open","sticky":false,"template":"","format":"standard","meta":{"footnotes":""},"categories":[4],"tags":[],"class_list":["post-20901","post","type-post","status-publish","format-standard","has-post-thumbnail","hentry","category-cotidiano"],"_links":{"self":[{"href":"https:\/\/catolicanet.net\/wp-cnet\/wp-json\/wp\/v2\/posts\/20901","targetHints":{"allow":["GET"]}}],"collection":[{"href":"https:\/\/catolicanet.net\/wp-cnet\/wp-json\/wp\/v2\/posts"}],"about":[{"href":"https:\/\/catolicanet.net\/wp-cnet\/wp-json\/wp\/v2\/types\/post"}],"author":[{"embeddable":true,"href":"https:\/\/catolicanet.net\/wp-cnet\/wp-json\/wp\/v2\/users\/1"}],"replies":[{"embeddable":true,"href":"https:\/\/catolicanet.net\/wp-cnet\/wp-json\/wp\/v2\/comments?post=20901"}],"version-history":[{"count":1,"href":"https:\/\/catolicanet.net\/wp-cnet\/wp-json\/wp\/v2\/posts\/20901\/revisions"}],"predecessor-version":[{"id":24687,"href":"https:\/\/catolicanet.net\/wp-cnet\/wp-json\/wp\/v2\/posts\/20901\/revisions\/24687"}],"wp:featuredmedia":[{"embeddable":true,"href":"https:\/\/catolicanet.net\/wp-cnet\/wp-json\/wp\/v2\/media\/20900"}],"wp:attachment":[{"href":"https:\/\/catolicanet.net\/wp-cnet\/wp-json\/wp\/v2\/media?parent=20901"}],"wp:term":[{"taxonomy":"category","embeddable":true,"href":"https:\/\/catolicanet.net\/wp-cnet\/wp-json\/wp\/v2\/categories?post=20901"},{"taxonomy":"post_tag","embeddable":true,"href":"https:\/\/catolicanet.net\/wp-cnet\/wp-json\/wp\/v2\/tags?post=20901"}],"curies":[{"name":"wp","href":"https:\/\/api.w.org\/{rel}","templated":true}]}}