{"id":20894,"date":"2017-03-07T17:08:18","date_gmt":"2017-03-07T20:08:18","guid":{"rendered":"http:\/\/catolicanet.net\/wp-cnet\/2017\/03\/07\/renato-aragao-visita-santuario-nacional-em-marco\/"},"modified":"2017-05-30T16:13:17","modified_gmt":"2017-05-30T19:13:17","slug":"renato-aragao-visita-santuario-nacional-em-marco","status":"publish","type":"post","link":"https:\/\/catolicanet.net\/wp-cnet\/renato-aragao-visita-santuario-nacional-em-marco\/","title":{"rendered":"Renato Arag\u00e3o visita Santu\u00e1rio Nacional em mar\u00e7o"},"content":{"rendered":"<p style=\"text-align: justify;\"><img decoding=\"async\" src=\"http:\/\/www.catolicanet.com.br\/images\/stories\/noticias\/fotografo_estevam_avellar_14.jpg\" border=\"0\" align=\"left\" \/>O humorista Renato Arag\u00e3o, consagrado como o eterno Didi Moc\u00f3, de Os Trapalh\u00f5es, vai visitar o Santu\u00e1rio Nacional de Aparecida no pr\u00f3ximo domingo (12). A presen\u00e7a do reconhecido ator brasileiro est\u00e1 confirmada para a missa das 8h, no Altar Central, e na cerim\u00f4nia de Coroa\u00e7\u00e3o que ocorre logo em seguida, al\u00e9m da presen\u00e7a na homenagem que vai receber no Memorial da Devo\u00e7\u00e3o. <\/p>\n<p>Renato Arag\u00e3o recebe neste ano, da TV Aparecida e do Santu\u00e1rio Nacional, uma homenagem por seu talento e por ser devoto de Nossa Senhora Aparecida. Em 1999, ele caminhou de Aruj\u00e1 (SP) em dire\u00e7\u00e3o ao Santu\u00e1rio Nacional, para agradecer as doa\u00e7\u00f5es ao programa Crian\u00e7a Esperan\u00e7a.<\/p>\n<p style=\"text-align: justify;\">\u00a0<\/p>\n<p style=\"text-align: justify;\"><a href=\"http:\/\/www.a12.com\/tv-aparecida\/programas\/detalhes\/galeria-de-fotos-do-renato-aragao\">:: Veja fotos da peregrina\u00e7\u00e3o de Renato Arag\u00e3o ao Santu\u00e1rio em 1999<\/a><\/p>\n<p>A homenagem inclui o Festival Didivers\u00e3o, que estreia no dia 12 de mar\u00e7o, na TV Aparecida e a realiza\u00e7\u00e3o da exposi\u00e7\u00e3o <a href=\"http:\/\/www.a12.com\/tv-aparecida\/noticias\/detalhes\/exposicao-no-memorial-da-devocao-homenageia-o-humorista-renato-aragao-em-aparecida-sp\">\u201cDidi, o devoto trapalh\u00e3o\u201d<\/a>, com a confec\u00e7\u00e3o de uma est\u00e1tua de cera, em tamanho natural, no Memorial da Devo\u00e7\u00e3o. Na exposi\u00e7\u00e3o ser\u00e3o encontrados itens do acervo pessoal de Renato Arag\u00e3o, entre eles, materiais licenciados, trof\u00e9us e homenagens. <\/p>\n<p>Na missa e na Coroa\u00e7\u00e3o, Renato Arag\u00e3o permanece dentro da Bas\u00edlica como um romeiro de Aparecida. Ao final da cerim\u00f4nia, ele segue para o Memorial da Devo\u00e7\u00e3o, onde vai participar do lan\u00e7amento da exposi\u00e7\u00e3o e da apresenta\u00e7\u00e3o da est\u00e1tua de cera em sua homenagem. <\/p>\n<p>A celebra\u00e7\u00e3o e a cerim\u00f4nia podem ser acompanhadas ao vivo pela TV Aparecida e no <a href=\"http:\/\/www.a12.com\/tv-aparecida\/institucional\/detalhes\/tv-ao-vivo\">Portal A12.com. <\/a><\/p>\n<p><a href=\"http:\/\/www.a12.com\/tv-aparecida\/noticias\/detalhes\/tv-aparecida-exibe-especial-didiversao-a-partir-de-marco\">:: TV Aparecida exibe especial \u2018Didivers\u00e3o\u2019 a partir de mar\u00e7o<\/a><\/p>\n<p>Com rela\u00e7\u00e3o ao Festival, o primeiro filme a ser exibido ser\u00e1 &#8216;Os Saltimbancos Trapalh\u00f5es&#8217;, no domingo (12\/03), \u00e0s 12h30, com reprise na quarta-feira, dia 15\/03, \u00e0s 20h. Voc\u00ea pode ter mais informa\u00e7\u00f5es sobre o Festival Didivers\u00e3o no endere\u00e7o: www.a12.com\/didiversao.<\/p>\n<p style=\"text-align: justify;\">\u00a0<\/p>\n<p style=\"text-align: justify;\">Fonte: Santu\u00e1rio Nacional<\/p>\n","protected":false},"excerpt":{"rendered":"<p>O humorista Renato Arag\u00e3o, consagrado como o eterno Didi Moc\u00f3, de Os Trapalh\u00f5es, vai visitar o Santu\u00e1rio Nacional de Aparecida no pr\u00f3ximo domingo (12). A presen\u00e7a do reconhecido ator brasileiro est\u00e1 confirmada para a missa das 8h, no Altar Central, e na cerim\u00f4nia de Coroa\u00e7\u00e3o que ocorre logo em seguida, al\u00e9m da presen\u00e7a na homenagem [&hellip;]<\/p>\n","protected":false},"author":1,"featured_media":20893,"comment_status":"open","ping_status":"open","sticky":false,"template":"","format":"standard","meta":{"footnotes":""},"categories":[4],"tags":[],"class_list":["post-20894","post","type-post","status-publish","format-standard","has-post-thumbnail","hentry","category-cotidiano"],"_links":{"self":[{"href":"https:\/\/catolicanet.net\/wp-cnet\/wp-json\/wp\/v2\/posts\/20894","targetHints":{"allow":["GET"]}}],"collection":[{"href":"https:\/\/catolicanet.net\/wp-cnet\/wp-json\/wp\/v2\/posts"}],"about":[{"href":"https:\/\/catolicanet.net\/wp-cnet\/wp-json\/wp\/v2\/types\/post"}],"author":[{"embeddable":true,"href":"https:\/\/catolicanet.net\/wp-cnet\/wp-json\/wp\/v2\/users\/1"}],"replies":[{"embeddable":true,"href":"https:\/\/catolicanet.net\/wp-cnet\/wp-json\/wp\/v2\/comments?post=20894"}],"version-history":[{"count":1,"href":"https:\/\/catolicanet.net\/wp-cnet\/wp-json\/wp\/v2\/posts\/20894\/revisions"}],"predecessor-version":[{"id":24690,"href":"https:\/\/catolicanet.net\/wp-cnet\/wp-json\/wp\/v2\/posts\/20894\/revisions\/24690"}],"wp:featuredmedia":[{"embeddable":true,"href":"https:\/\/catolicanet.net\/wp-cnet\/wp-json\/wp\/v2\/media\/20893"}],"wp:attachment":[{"href":"https:\/\/catolicanet.net\/wp-cnet\/wp-json\/wp\/v2\/media?parent=20894"}],"wp:term":[{"taxonomy":"category","embeddable":true,"href":"https:\/\/catolicanet.net\/wp-cnet\/wp-json\/wp\/v2\/categories?post=20894"},{"taxonomy":"post_tag","embeddable":true,"href":"https:\/\/catolicanet.net\/wp-cnet\/wp-json\/wp\/v2\/tags?post=20894"}],"curies":[{"name":"wp","href":"https:\/\/api.w.org\/{rel}","templated":true}]}}