{"id":20892,"date":"2017-03-07T16:57:11","date_gmt":"2017-03-07T19:57:11","guid":{"rendered":"http:\/\/catolicanet.net\/wp-cnet\/2017\/03\/07\/sudao-do-sul-o-clamor-dos-bispos-pelo-povo\/"},"modified":"2017-05-26T10:31:19","modified_gmt":"2017-05-26T13:31:19","slug":"sudao-do-sul-o-clamor-dos-bispos-pelo-povo","status":"publish","type":"post","link":"https:\/\/catolicanet.net\/wp-cnet\/sudao-do-sul-o-clamor-dos-bispos-pelo-povo\/","title":{"rendered":"Sud\u00e3o do Sul: o clamor dos bispos pelo povo"},"content":{"rendered":"<p style=\"text-align: justify;\"><img decoding=\"async\" src=\"http:\/\/www.catolicanet.com.br\/images\/stories\/noticias\/88431b5dd05b1.jpg\" border=\"0\" align=\"left\" \/>Sud\u00e3o do Sul: o clamor dos bispos pelo povo<\/p>\n<p>Os bispos do Sud\u00e3o do Sul levam mensagens de esperan\u00e7a e coragem para a sua sofrida popula\u00e7\u00e3o. Depois do encontro em Juba em fevereiro deste ano, junto ao n\u00fancio apost\u00f3lico para o Sud\u00e3o do Sul e K\u00eania \u2013 o arcebispo Charles Daniel Balvo \u2013 os bispos sul-sudaneses responderam aos relatos inquietantes de todas as suas sete dioceses que abrangem todo o pa\u00eds.<\/p>\n<p>&#8220;As pessoas vivem com medo. A guerra civil continua&#8221;, afirmam os bispos em sua mensagem pastoral. Eles expressam sua preocupa\u00e7\u00e3o por conta que grande parte da viol\u00eancia \u00e9 contra civis e est\u00e1 sendo cometida por for\u00e7as governamentais e da oposi\u00e7\u00e3o. &#8220;Algumas cidades se tornaram cidades-fantasmas, vazias, exceto para as for\u00e7as de seguran\u00e7a e talvez para membros de alguma fac\u00e7\u00e3o ou tribo. At\u00e9 mesmo quando as pessoas fogem para as nossas igrejas ou para os campos da ONU, elas continuam sendo perseguidas pelas for\u00e7as de seguran\u00e7a&#8221;. Os bispos lamentam o crescente \u00f3dio e a falta de respeito pela vida humana.<\/p>\n<p>Eles denunciam que a crise humanit\u00e1ria que atinge o Sud\u00e3o do Sul se deve principalmente \u00e0 inseguran\u00e7a e \u00e0 m\u00e1 gest\u00e3o econ\u00f4mica. &#8220;Milh\u00f5es de pessoas s\u00e3o afetadas, um grande n\u00famero se desloca do seu lar, destes muitos fogem para pa\u00edses vizinhos, onde enfrentam terr\u00edveis dificuldades nos campos de refugiados&#8221;. Os bispos instru\u00edram a Caritas do Sud\u00e3o do Sul e pediram ao n\u00facleo internacional que agissem com urg\u00eancia para aliviar a crise humanit\u00e1ria no Sud\u00e3o do Sul, e apelam ao resto da comunidade internacional para fazer o mesmo.<\/p>\n<p>Os bispos tamb\u00e9m expressam sua preocupa\u00e7\u00e3o em raz\u00e3o de que \u201cmuitos membros dentro do governo parecem desconfiar da Igreja\u201d e deixa claro que a Igreja n\u00e3o toma partido no conflito. &#8220;N\u00f3s estamos por todas as boas coisas \u2013 paz, justi\u00e7a, amor, perd\u00e3o, reconcilia\u00e7\u00e3o, di\u00e1logo, o estado de direito, boa governa\u00e7\u00e3o \u2013 e estamos contra o mal \u2013 viol\u00eancia, matan\u00e7a, estupro, tortura, pilhagem, corrup\u00e7\u00e3o, deten\u00e7\u00e3o arbitr\u00e1ria, tribalismo, discrimina\u00e7\u00e3o, opress\u00e3o&#8221;. Eles pretendem ser como a vi\u00fava que se aproximava de um juiz indiferente, exigindo justi\u00e7a (Lucas 18, 2-5), desejam se encontrar com todos os que acreditam ter o poder de mudar o pa\u00eds para melhor, at\u00e9 que se tenha uma a\u00e7\u00e3o concreta a ser realizada para resolver esta situa\u00e7\u00e3o.<\/p>\n<p>Os bispos pediram aos fi\u00e9is no Sud\u00e3o do Sul para \u201ctrabalharem por justi\u00e7a e paz; rejeitarem viol\u00eancia e vingan\u00e7a\u201d. Com alegria eles tamb\u00e9m pedem ora\u00e7\u00e3o nas inten\u00e7\u00f5es do Papa Francisco, pela visita que fez ao pa\u00eds no ano passado. O Santo Padre est\u00e1 profundamente comovido com os sofrimentos do povo do Sud\u00e3o do Sul; sua visita foi para simbolizar sua preocupa\u00e7\u00e3o paterna e chamaria a aten\u00e7\u00e3o do mundo para a situa\u00e7\u00e3o desse pa\u00eds.<\/p>\n<p>Desde a sua independ\u00eancia, a ACN tem apoiado projetos no Sud\u00e3o do Sul, em suporte pastoral, constru\u00e7\u00e3o e reforma de igrejas, ajuda de emerg\u00eancia e aux\u00edlio de subsist\u00eancia. Fiel ao seu carisma, a ACN continuar\u00e1 apoiando o trabalho pastoral no Sud\u00e3o do Sul, apesar das dificuldades existentes. Inclusive, na sua campanha da quaresma deste ano, a Funda\u00e7\u00e3o Pontif\u00edcia volta seus olhos para a \u00c1frica, acreditando no apoio que deve ser dado \u00e0 Igreja nesse pa\u00eds, mas tamb\u00e9m a todo continente. Saiba mais, acessando a p\u00e1gina sobre a campanha.<\/p>\n<p style=\"text-align: justify;\">\u00a0<\/p>\n<p style=\"text-align: justify;\">Fonte: ACN<\/p>\n","protected":false},"excerpt":{"rendered":"<p>Sud\u00e3o do Sul: o clamor dos bispos pelo povo Os bispos do Sud\u00e3o do Sul levam mensagens de esperan\u00e7a e coragem para a sua sofrida popula\u00e7\u00e3o. Depois do encontro em Juba em fevereiro deste ano, junto ao n\u00fancio apost\u00f3lico para o Sud\u00e3o do Sul e K\u00eania \u2013 o arcebispo Charles Daniel Balvo \u2013 os bispos [&hellip;]<\/p>\n","protected":false},"author":1,"featured_media":20891,"comment_status":"open","ping_status":"open","sticky":false,"template":"","format":"standard","meta":{"footnotes":""},"categories":[4],"tags":[],"class_list":["post-20892","post","type-post","status-publish","format-standard","has-post-thumbnail","hentry","category-cotidiano"],"_links":{"self":[{"href":"https:\/\/catolicanet.net\/wp-cnet\/wp-json\/wp\/v2\/posts\/20892","targetHints":{"allow":["GET"]}}],"collection":[{"href":"https:\/\/catolicanet.net\/wp-cnet\/wp-json\/wp\/v2\/posts"}],"about":[{"href":"https:\/\/catolicanet.net\/wp-cnet\/wp-json\/wp\/v2\/types\/post"}],"author":[{"embeddable":true,"href":"https:\/\/catolicanet.net\/wp-cnet\/wp-json\/wp\/v2\/users\/1"}],"replies":[{"embeddable":true,"href":"https:\/\/catolicanet.net\/wp-cnet\/wp-json\/wp\/v2\/comments?post=20892"}],"version-history":[{"count":1,"href":"https:\/\/catolicanet.net\/wp-cnet\/wp-json\/wp\/v2\/posts\/20892\/revisions"}],"predecessor-version":[{"id":23160,"href":"https:\/\/catolicanet.net\/wp-cnet\/wp-json\/wp\/v2\/posts\/20892\/revisions\/23160"}],"wp:featuredmedia":[{"embeddable":true,"href":"https:\/\/catolicanet.net\/wp-cnet\/wp-json\/wp\/v2\/media\/20891"}],"wp:attachment":[{"href":"https:\/\/catolicanet.net\/wp-cnet\/wp-json\/wp\/v2\/media?parent=20892"}],"wp:term":[{"taxonomy":"category","embeddable":true,"href":"https:\/\/catolicanet.net\/wp-cnet\/wp-json\/wp\/v2\/categories?post=20892"},{"taxonomy":"post_tag","embeddable":true,"href":"https:\/\/catolicanet.net\/wp-cnet\/wp-json\/wp\/v2\/tags?post=20892"}],"curies":[{"name":"wp","href":"https:\/\/api.w.org\/{rel}","templated":true}]}}