{"id":20846,"date":"2017-03-03T03:00:00","date_gmt":"2017-03-03T06:00:00","guid":{"rendered":"http:\/\/catolicanet.net\/wp-cnet\/2017\/03\/03\/primeiro-domingo-da-quaresma\/"},"modified":"2017-05-05T09:02:55","modified_gmt":"2017-05-05T12:02:55","slug":"primeiro-domingo-da-quaresma","status":"publish","type":"post","link":"https:\/\/catolicanet.net\/wp-cnet\/primeiro-domingo-da-quaresma\/","title":{"rendered":"Primeiro domingo da quaresma"},"content":{"rendered":"<p style=\"text-align: justify;\">Acabamos de iniciar um novo tempo lit\u00fargico: a Quaresma. \u00c9 um tempo privilegiado: s\u00e3o quarenta dias de prepara\u00e7\u00e3o para a maior festa da cristandade: a P\u00e1scoa. H\u00e1 uma s\u00e9rie de s\u00edmbolos novos neste tempo da Quaresma: a cor roxa dos paramentos; n\u00e3o \u00e9 rezado o hino de louvor (O Gl\u00f3ria); os cantos s\u00e3o pr\u00f3prios, propostos pela Campanha da Fraternidade, organizada pela Confer\u00eancia Nacional dos Bispos do Brasil.<\/p>\n<p style=\"text-align: justify;\">A liturgia nos convida ao jejum(cf. Mt 4,2), n\u00e3o somente para cumprir uma lei, mas como forma de nos tornarmos solid\u00e1rios com as pessoas que passam fome, que n\u00e3o t\u00eam o alimento necess\u00e1rio para o sustento de seu corpo. \u00c9 tempo de mortifica\u00e7\u00e3o, de ren\u00fancia, de sacrif\u00edcio, apesar deque esses termos, na atualidade sejam muito pouco usados. \u00c9 tempo de convers\u00e3o, de mudan\u00e7a de mentalidade e do cora\u00e7\u00e3o.<\/p>\n<p style=\"text-align: justify;\">A cada ano, a CNBB nos apresenta um tema bem presente na viv\u00eancia do povo brasileiro para que meditemos, reflitamos e nos coloquemos em a\u00e7\u00e3o para realizar os objetivos da campanha.<\/p>\n<p style=\"text-align: justify;\">A narrativa do Evangelho deste domingo(cf. Mt 4,1-11) apresenta Jesus sob a imagem do novo Ad\u00e3o, porque vence o orgulho que p\u00f4s a humanidade contra Deus. Ele \u00e9 o novo Israel, pois vence as tenta\u00e7\u00f5es a que Israel sucumbira no deserto. Ele \u00e9 o novo Mois\u00e9s, porque supera as tenta\u00e7\u00f5es de Mois\u00e9s para ser o fundador e o guia do novo povo de Deus, a Igreja, que somos todos n\u00f3s.<\/p>\n<p style=\"text-align: justify;\">O deserto das tenta\u00e7\u00f5es \u00e9 um resumo da experi\u00eancia de Jesus durante todo o seu minist\u00e9rio. A narrativa tem o objetivo de mostrar o sentido dessas tenta\u00e7\u00f5es.<\/p>\n<p style=\"text-align: justify;\">Todos n\u00f3s temos grandes e pequenas tenta\u00e7\u00f5es. Se somos fi\u00e9is, afastando-nos das situa\u00e7\u00f5es menores que possam nos levar ao pecado, seremos fi\u00e9is tamb\u00e9m em fugir das grandes tenta\u00e7\u00f5es. Que fiquemos atentos e que vivamos intensamente este tempo de mudan\u00e7a.<\/p>\n","protected":false},"excerpt":{"rendered":"<p>Acabamos de iniciar um novo tempo lit\u00fargico: a Quaresma. \u00c9 um tempo privilegiado: s\u00e3o quarenta dias de prepara\u00e7\u00e3o para a maior festa da cristandade: a P\u00e1scoa. H\u00e1 uma s\u00e9rie de s\u00edmbolos novos neste tempo da Quaresma: a cor roxa dos paramentos; n\u00e3o \u00e9 rezado o hino de louvor (O Gl\u00f3ria); os cantos s\u00e3o pr\u00f3prios, propostos [&hellip;]<\/p>\n","protected":false},"author":10,"featured_media":0,"comment_status":"open","ping_status":"open","sticky":false,"template":"","format":"standard","meta":{"footnotes":""},"categories":[9],"tags":[],"class_list":["post-20846","post","type-post","status-publish","format-standard","hentry","category-artigos"],"_links":{"self":[{"href":"https:\/\/catolicanet.net\/wp-cnet\/wp-json\/wp\/v2\/posts\/20846","targetHints":{"allow":["GET"]}}],"collection":[{"href":"https:\/\/catolicanet.net\/wp-cnet\/wp-json\/wp\/v2\/posts"}],"about":[{"href":"https:\/\/catolicanet.net\/wp-cnet\/wp-json\/wp\/v2\/types\/post"}],"author":[{"embeddable":true,"href":"https:\/\/catolicanet.net\/wp-cnet\/wp-json\/wp\/v2\/users\/10"}],"replies":[{"embeddable":true,"href":"https:\/\/catolicanet.net\/wp-cnet\/wp-json\/wp\/v2\/comments?post=20846"}],"version-history":[{"count":1,"href":"https:\/\/catolicanet.net\/wp-cnet\/wp-json\/wp\/v2\/posts\/20846\/revisions"}],"predecessor-version":[{"id":21002,"href":"https:\/\/catolicanet.net\/wp-cnet\/wp-json\/wp\/v2\/posts\/20846\/revisions\/21002"}],"wp:attachment":[{"href":"https:\/\/catolicanet.net\/wp-cnet\/wp-json\/wp\/v2\/media?parent=20846"}],"wp:term":[{"taxonomy":"category","embeddable":true,"href":"https:\/\/catolicanet.net\/wp-cnet\/wp-json\/wp\/v2\/categories?post=20846"},{"taxonomy":"post_tag","embeddable":true,"href":"https:\/\/catolicanet.net\/wp-cnet\/wp-json\/wp\/v2\/tags?post=20846"}],"curies":[{"name":"wp","href":"https:\/\/api.w.org\/{rel}","templated":true}]}}