{"id":20839,"date":"2017-03-06T14:01:46","date_gmt":"2017-03-06T17:01:46","guid":{"rendered":"http:\/\/catolicanet.net\/wp-cnet\/2017\/03\/06\/dom-auza-mais-de-40-milhoes-as-vitimas-do-trafico-de-pessoas\/"},"modified":"2017-06-02T10:17:58","modified_gmt":"2017-06-02T13:17:58","slug":"dom-auza-mais-de-40-milhoes-as-vitimas-do-trafico-de-pessoas","status":"publish","type":"post","link":"https:\/\/catolicanet.net\/wp-cnet\/dom-auza-mais-de-40-milhoes-as-vitimas-do-trafico-de-pessoas\/","title":{"rendered":"Dom Auza: mais de 40 milh\u00f5es as v\u00edtimas do tr\u00e1fico de pessoas"},"content":{"rendered":"<p style=\"text-align: justify;\"><img decoding=\"async\" src=\"http:\/\/www.catolicanet.com.br\/images\/stories\/papas\/rv16345_articolo.jpg\" border=\"0\" align=\"left\" \/>Cidade do Vaticano (RV) &#8211; \u201cA Santa S\u00e9 e o combate ao tr\u00e1fico de seres humanos.\u201d Este foi o tema da palestra do Observador Permanente da Santa S\u00e9 na ONU, Dom Bernardito Auza, na confer\u00eancia inaugural, em Nova Iorque, da nova c\u00e1tedra de Cassamarca Foundation sobre globaliza\u00e7\u00e3o e migra\u00e7\u00e3o, realizada na Fordham University.<\/p>\n<p>\u201cO fen\u00f4meno do tr\u00e1fico de seres humanos \u00e9 impressionante. As v\u00edtimas do tr\u00e1fico de pessoas s\u00e3o mais de 40 milh\u00f5es. A este povo de pessoas reduzido \u00e0 escravid\u00e3o se somam, a cada ano, mais de tr\u00eas milh\u00f5es de pessoas. Quase 80% das v\u00edtimas s\u00e3o mulheres e crian\u00e7as. O tr\u00e1fico \u00e9 uma ind\u00fastria que gera lucros de mais 32 milh\u00f5es de d\u00f3lares por ano\u201d, disse Dom Auza.<\/p>\n<p>Migrantes e refugiados<\/p>\n<p>\u201cOs enormes progressos cient\u00edficos podem nos fazer pensar que a escravid\u00e3o seja algo do passado. Por\u00e9m, quando olhamos a realidade, ficamos chocados ao ver que esta praga ainda est\u00e1 presente, por\u00e9m de forma moderna. Trata-se de um fen\u00f4meno que est\u00e1 crescendo, alimentado por conflitos e pobreza extrema. \u00c9 um flagelo que n\u00e3o conhece fronteiras. Nenhum pa\u00eds est\u00e1 imune\u201d, disse o arcebispo.<\/p>\n<p>O tr\u00e1fico de pessoas est\u00e1 ligado tamb\u00e9m \u00e0s consequ\u00eancias negativas da globaliza\u00e7\u00e3o e aos fluxos de migrantes e refugiados. A este prop\u00f3sito, Dom Auza recordou que, segundo estimativas das Na\u00e7\u00f5es Unidas de 2015, os migrantes no mundo s\u00e3o mais de 250 milh\u00f5es. Em rela\u00e7\u00e3o ao ano 2000, houve um aumento de 40%. Ainda em 2015, mais de 65 milh\u00f5es de pessoas ficaram deslocadas por causa de persegui\u00e7\u00f5es, conflitos e viol\u00eancias. Nesses dados se inserem, muitas vezes, as formas modernas de escravid\u00e3o e os sofrimentos de milh\u00f5es de pessoas indefesas e vulner\u00e1veis.<\/p>\n<p>Compromisso da Santa S\u00e9<\/p>\n<p>Dom Auza recordou que entre os objetivos de desenvolvimento sustent\u00e1vel da Agenda 2030 est\u00e3o tamb\u00e9m a ado\u00e7\u00e3o de medidas eficazes para desarraigar o trabalho for\u00e7ado, o fim da escravid\u00e3o moderna e do tr\u00e1fico de seres humanos. A comunidade internacional deve garantir o seu compromisso na elimina\u00e7\u00e3o dessa degrada\u00e7\u00e3o. <\/p>\n<p>\u201cA Igreja Cat\u00f3lica est\u00e1 fortemente comprometida na elimina\u00e7\u00e3o do tr\u00e1fico de pessoas e atrav\u00e9s de suas estruturas oferece uma contribui\u00e7\u00e3o preciosa. Com palavras e a\u00e7\u00f5es, o Papa Francisco deixou claro que esta \u00e9 uma das prioridades de seu pontificado\u201d, concluiu o prelado filipino. <\/p>\n<p>O Observador Permanente da Santa S\u00e9 na ONU recordou o discurso do Papa proferido em 25 de setembro de 2015 aos membros da Assembleia Geral da ONU: \u201cDevemos cuidar a fim de que as nossas institui\u00e7\u00f5es sejam realmente eficazes na luta contra esses flagelos. S\u00e3o necess\u00e1rias medidas concretas e imediatas\u201d, disse Francisco naquela ocasi\u00e3o.<\/p>\n<p style=\"text-align: justify;\">\u00a0<\/p>\n<p style=\"text-align: justify;\">Fonte: R\u00e1dio Vaticano<\/p>\n","protected":false},"excerpt":{"rendered":"<p>Cidade do Vaticano (RV) &#8211; \u201cA Santa S\u00e9 e o combate ao tr\u00e1fico de seres humanos.\u201d Este foi o tema da palestra do Observador Permanente da Santa S\u00e9 na ONU, Dom Bernardito Auza, na confer\u00eancia inaugural, em Nova Iorque, da nova c\u00e1tedra de Cassamarca Foundation sobre globaliza\u00e7\u00e3o e migra\u00e7\u00e3o, realizada na Fordham University. \u201cO fen\u00f4meno [&hellip;]<\/p>\n","protected":false},"author":1,"featured_media":20838,"comment_status":"open","ping_status":"open","sticky":false,"template":"","format":"standard","meta":{"footnotes":""},"categories":[3],"tags":[],"class_list":["post-20839","post","type-post","status-publish","format-standard","has-post-thumbnail","hentry","category-vaticano"],"_links":{"self":[{"href":"https:\/\/catolicanet.net\/wp-cnet\/wp-json\/wp\/v2\/posts\/20839","targetHints":{"allow":["GET"]}}],"collection":[{"href":"https:\/\/catolicanet.net\/wp-cnet\/wp-json\/wp\/v2\/posts"}],"about":[{"href":"https:\/\/catolicanet.net\/wp-cnet\/wp-json\/wp\/v2\/types\/post"}],"author":[{"embeddable":true,"href":"https:\/\/catolicanet.net\/wp-cnet\/wp-json\/wp\/v2\/users\/1"}],"replies":[{"embeddable":true,"href":"https:\/\/catolicanet.net\/wp-cnet\/wp-json\/wp\/v2\/comments?post=20839"}],"version-history":[{"count":1,"href":"https:\/\/catolicanet.net\/wp-cnet\/wp-json\/wp\/v2\/posts\/20839\/revisions"}],"predecessor-version":[{"id":27114,"href":"https:\/\/catolicanet.net\/wp-cnet\/wp-json\/wp\/v2\/posts\/20839\/revisions\/27114"}],"wp:featuredmedia":[{"embeddable":true,"href":"https:\/\/catolicanet.net\/wp-cnet\/wp-json\/wp\/v2\/media\/20838"}],"wp:attachment":[{"href":"https:\/\/catolicanet.net\/wp-cnet\/wp-json\/wp\/v2\/media?parent=20839"}],"wp:term":[{"taxonomy":"category","embeddable":true,"href":"https:\/\/catolicanet.net\/wp-cnet\/wp-json\/wp\/v2\/categories?post=20839"},{"taxonomy":"post_tag","embeddable":true,"href":"https:\/\/catolicanet.net\/wp-cnet\/wp-json\/wp\/v2\/tags?post=20839"}],"curies":[{"name":"wp","href":"https:\/\/api.w.org\/{rel}","templated":true}]}}