{"id":20823,"date":"2017-03-03T19:36:13","date_gmt":"2017-03-03T22:36:13","guid":{"rendered":"http:\/\/catolicanet.net\/wp-cnet\/2017\/03\/03\/america-a-repam-vai-a-comissao-interamericana-de-direitos-humanos-para-defender-os-direitos-dos-povos-indigenas\/"},"modified":"2017-05-30T16:14:44","modified_gmt":"2017-05-30T19:14:44","slug":"america-a-repam-vai-a-comissao-interamericana-de-direitos-humanos-para-defender-os-direitos-dos-povos-indigenas","status":"publish","type":"post","link":"https:\/\/catolicanet.net\/wp-cnet\/america-a-repam-vai-a-comissao-interamericana-de-direitos-humanos-para-defender-os-direitos-dos-povos-indigenas\/","title":{"rendered":"AM\u00c9RICA &#8211; A REPAM vai \u00e0 Comiss\u00e3o Interamericana de Direitos Humanos para defender os direitos dos povos ind\u00edgenas"},"content":{"rendered":"<p style=\"text-align: justify;\"><img decoding=\"async\" src=\"http:\/\/www.catolicanet.com.br\/images\/stories\/noticias\/primopiano_3518.jpg\" border=\"0\" align=\"left\" \/>Washington (Ag\u00eancia Fides) \u2013 A Comiss\u00e3o Interamericana de Direitos Humanos (CIDH) notificou \u00e0 Rede Eclesial Pan-amaz\u00f4nica (REPAM), a convoca\u00e7\u00e3o para a audi\u00eancia ordin\u00e1ria n.161 para a discuss\u00e3o sobre quest\u00f5es relativas ao direito ao territ\u00f3rio dos povos ind\u00edgenas e das comunidades da Amaz\u00f4nia. A audi\u00eancia ser\u00e1 em 17 de mar\u00e7o de 2017, \u00e0s 12h25, em sua sede de Washington, segundo carta enviada por Elizabeth Abi Mershed, Vice-Secret\u00e1ria Executiva da CIDH.<br \/>Esta a\u00e7\u00e3o faz parte de um amplo programa relativo aos direitos do homem proposto pela REPAM, que apresenta treze casos de defesa do territ\u00f3rio na Col\u00f4mbia, Equador, Peru, Bol\u00edvia e Brasil.<br \/>\u00c0 CIDH ser\u00e3o apresentadas quatro experi\u00eancias que refletem os grandes desafios que a regi\u00e3o Pan-amaz\u00f4nica deve enfrentar em rela\u00e7\u00e3o a situa\u00e7\u00f5es de viola\u00e7\u00e3o do direito ao territ\u00f3rio. Estar\u00e1 presente nesta sess\u00e3o Dom Pedro Barreto, vice-presidente da REPAM.<br \/>Dentre as experi\u00eancias em situa\u00e7\u00f5es dif\u00edceis, a REPAM assinala as da Comunidade agr\u00edcola Buriticup\u00fa (nordeste do Brasil), da comunidade ind\u00edgena Tundayme (sul do Equador Sud), dos povos ind\u00edgenas de Tagaeri e Taromenani (norte do Equador) e da comunidade de Yurimaguas (Floresta peruana).<\/p>\n<p style=\"text-align: justify;\">\u00a0<\/p>\n<p style=\"text-align: justify;\">Fonte: Ag\u00eancia Fides<\/p>\n","protected":false},"excerpt":{"rendered":"<p>Washington (Ag\u00eancia Fides) \u2013 A Comiss\u00e3o Interamericana de Direitos Humanos (CIDH) notificou \u00e0 Rede Eclesial Pan-amaz\u00f4nica (REPAM), a convoca\u00e7\u00e3o para a audi\u00eancia ordin\u00e1ria n.161 para a discuss\u00e3o sobre quest\u00f5es relativas ao direito ao territ\u00f3rio dos povos ind\u00edgenas e das comunidades da Amaz\u00f4nia. A audi\u00eancia ser\u00e1 em 17 de mar\u00e7o de 2017, \u00e0s 12h25, em sua [&hellip;]<\/p>\n","protected":false},"author":1,"featured_media":20822,"comment_status":"open","ping_status":"open","sticky":false,"template":"","format":"standard","meta":{"footnotes":""},"categories":[4],"tags":[],"class_list":["post-20823","post","type-post","status-publish","format-standard","has-post-thumbnail","hentry","category-cotidiano"],"_links":{"self":[{"href":"https:\/\/catolicanet.net\/wp-cnet\/wp-json\/wp\/v2\/posts\/20823","targetHints":{"allow":["GET"]}}],"collection":[{"href":"https:\/\/catolicanet.net\/wp-cnet\/wp-json\/wp\/v2\/posts"}],"about":[{"href":"https:\/\/catolicanet.net\/wp-cnet\/wp-json\/wp\/v2\/types\/post"}],"author":[{"embeddable":true,"href":"https:\/\/catolicanet.net\/wp-cnet\/wp-json\/wp\/v2\/users\/1"}],"replies":[{"embeddable":true,"href":"https:\/\/catolicanet.net\/wp-cnet\/wp-json\/wp\/v2\/comments?post=20823"}],"version-history":[{"count":1,"href":"https:\/\/catolicanet.net\/wp-cnet\/wp-json\/wp\/v2\/posts\/20823\/revisions"}],"predecessor-version":[{"id":24706,"href":"https:\/\/catolicanet.net\/wp-cnet\/wp-json\/wp\/v2\/posts\/20823\/revisions\/24706"}],"wp:featuredmedia":[{"embeddable":true,"href":"https:\/\/catolicanet.net\/wp-cnet\/wp-json\/wp\/v2\/media\/20822"}],"wp:attachment":[{"href":"https:\/\/catolicanet.net\/wp-cnet\/wp-json\/wp\/v2\/media?parent=20823"}],"wp:term":[{"taxonomy":"category","embeddable":true,"href":"https:\/\/catolicanet.net\/wp-cnet\/wp-json\/wp\/v2\/categories?post=20823"},{"taxonomy":"post_tag","embeddable":true,"href":"https:\/\/catolicanet.net\/wp-cnet\/wp-json\/wp\/v2\/tags?post=20823"}],"curies":[{"name":"wp","href":"https:\/\/api.w.org\/{rel}","templated":true}]}}