{"id":20789,"date":"2017-03-02T19:34:59","date_gmt":"2017-03-02T22:34:59","guid":{"rendered":"http:\/\/catolicanet.net\/wp-cnet\/2017\/03\/02\/uma-nova-capela-para-cuba\/"},"modified":"2017-05-30T16:14:46","modified_gmt":"2017-05-30T19:14:46","slug":"uma-nova-capela-para-cuba","status":"publish","type":"post","link":"https:\/\/catolicanet.net\/wp-cnet\/uma-nova-capela-para-cuba\/","title":{"rendered":"Uma nova capela para Cuba"},"content":{"rendered":"<p style=\"text-align: justify;\"><img decoding=\"async\" src=\"http:\/\/www.catolicanet.com.br\/images\/stories\/noticias\/37d163b8.jpg\" border=\"0\" align=\"left\" \/>A regi\u00e3o paroquial de Tamarindo, em Cuba, atende a 3.700 fi\u00e9is, estes, em sua maioria, s\u00e3o paroquianos realmente comprometidos. Todavia, at\u00e9 pouco tempo atr\u00e1s, a vida da par\u00f3quia se desenvolvia a partir das casas dos pr\u00f3prios fi\u00e9is, desde que a antiga capela \u2013 a \u00fanica dispon\u00edvel para a comunidade \u2013 chegou a um estado deplor\u00e1vel e foi, finalmente, demolida. Era preciso a constru\u00e7\u00e3o de uma nova igreja, mas infelizmente a Diocese de Ciego de Avila, \u00e0 qual a par\u00f3quia pertence, n\u00e3o tem recursos para isso. \u00c9, na verdade, um grande desafio manter as igrejas e capelas existentes, de modo que a ideia de uma nova igreja, ainda que modesta, parecia ser um sonho ut\u00f3pico. Assim como o pa\u00eds, a Igreja em Cuba \u00e9 pobre, e tamb\u00e9m as pessoas. As ofertas dos fi\u00e9is, embora repletas de amor, n\u00e3o s\u00e3o suficientes para arcar com tais empreitadas.<\/p>\n<p>O padre da par\u00f3quia solicitou, assim, ajuda para a ACN \u2013 Ajuda \u00e0 Igreja que Sofre. Gra\u00e7as a generosidade de seus benfeitores, a Funda\u00e7\u00e3o Pontif\u00edcia n\u00e3o desapontou os fi\u00e9is de Tamarindo. A nova capela dedicada \u00e0 Nossa Senhora de F\u00e1tima recebeu a ben\u00e7\u00e3o do bispo na sua recente inaugura\u00e7\u00e3o. Ela \u00e9 simples e modesta, por\u00e9m linda. Os cat\u00f3licos de Tamarindo est\u00e3o muito felizes por terem finalmente um local apropriado para louvar a Deus. A ACN, junto a esses fi\u00e9is, agradece a todos os seus benfeitores por tornar mais esse sonho realidade.<\/p>\n<p style=\"text-align: justify;\">\u00a0<\/p>\n<p style=\"text-align: justify;\">Fonte: ACN<\/p>\n","protected":false},"excerpt":{"rendered":"<p>A regi\u00e3o paroquial de Tamarindo, em Cuba, atende a 3.700 fi\u00e9is, estes, em sua maioria, s\u00e3o paroquianos realmente comprometidos. Todavia, at\u00e9 pouco tempo atr\u00e1s, a vida da par\u00f3quia se desenvolvia a partir das casas dos pr\u00f3prios fi\u00e9is, desde que a antiga capela \u2013 a \u00fanica dispon\u00edvel para a comunidade \u2013 chegou a um estado deplor\u00e1vel [&hellip;]<\/p>\n","protected":false},"author":1,"featured_media":20788,"comment_status":"open","ping_status":"open","sticky":false,"template":"","format":"standard","meta":{"footnotes":""},"categories":[4],"tags":[],"class_list":["post-20789","post","type-post","status-publish","format-standard","has-post-thumbnail","hentry","category-cotidiano"],"_links":{"self":[{"href":"https:\/\/catolicanet.net\/wp-cnet\/wp-json\/wp\/v2\/posts\/20789","targetHints":{"allow":["GET"]}}],"collection":[{"href":"https:\/\/catolicanet.net\/wp-cnet\/wp-json\/wp\/v2\/posts"}],"about":[{"href":"https:\/\/catolicanet.net\/wp-cnet\/wp-json\/wp\/v2\/types\/post"}],"author":[{"embeddable":true,"href":"https:\/\/catolicanet.net\/wp-cnet\/wp-json\/wp\/v2\/users\/1"}],"replies":[{"embeddable":true,"href":"https:\/\/catolicanet.net\/wp-cnet\/wp-json\/wp\/v2\/comments?post=20789"}],"version-history":[{"count":1,"href":"https:\/\/catolicanet.net\/wp-cnet\/wp-json\/wp\/v2\/posts\/20789\/revisions"}],"predecessor-version":[{"id":24715,"href":"https:\/\/catolicanet.net\/wp-cnet\/wp-json\/wp\/v2\/posts\/20789\/revisions\/24715"}],"wp:featuredmedia":[{"embeddable":true,"href":"https:\/\/catolicanet.net\/wp-cnet\/wp-json\/wp\/v2\/media\/20788"}],"wp:attachment":[{"href":"https:\/\/catolicanet.net\/wp-cnet\/wp-json\/wp\/v2\/media?parent=20789"}],"wp:term":[{"taxonomy":"category","embeddable":true,"href":"https:\/\/catolicanet.net\/wp-cnet\/wp-json\/wp\/v2\/categories?post=20789"},{"taxonomy":"post_tag","embeddable":true,"href":"https:\/\/catolicanet.net\/wp-cnet\/wp-json\/wp\/v2\/tags?post=20789"}],"curies":[{"name":"wp","href":"https:\/\/api.w.org\/{rel}","templated":true}]}}