{"id":20787,"date":"2017-03-02T16:48:00","date_gmt":"2017-03-02T19:48:00","guid":{"rendered":"http:\/\/catolicanet.net\/wp-cnet\/2017\/03\/02\/chapecoense-sera-homenageada-na-qclericus-cupq\/"},"modified":"2017-06-02T10:04:30","modified_gmt":"2017-06-02T13:04:30","slug":"chapecoense-sera-homenageada-na-qclericus-cupq","status":"publish","type":"post","link":"https:\/\/catolicanet.net\/wp-cnet\/chapecoense-sera-homenageada-na-qclericus-cupq\/","title":{"rendered":"Chapecoense ser\u00e1 homenageada na &#8220;Clericus Cup&#8221;"},"content":{"rendered":"<p style=\"text-align: justify;\"><img decoding=\"async\" src=\"http:\/\/www.catolicanet.com.br\/images\/stories\/noticias\/ansa957990_articolo.jpg\" border=\"0\" align=\"left\" \/>Cidade do Vaticano (RV) \u2013 Dezoito times, 404 jogadores de 66 nacionalidades: esta \u00e9 a Clericus Cup, o campeonato pontif\u00edcio de futebol para sacerdotes e seminaristas.<\/p>\n<p style=\"text-align: justify;\">\u00a0<\/p>\n<p style=\"text-align: justify;\"><a href=\"http:\/\/media02.radiovaticana.va\/audio\/audio2\/mp3\/00572206.mp3\">Clique aqui para ouvir:<\/a><\/p>\n<p style=\"text-align: justify;\">\u00a0<\/p>\n<p style=\"text-align: justify;\">O evento, que chega \u00e0 sua 11\u00aa edi\u00e7\u00e3o, foi apresentado na quinta-feira (02\/03) na sede da R\u00e1dio Vaticano. A \u201cCopa do Mundo eclesial\u201d \u00e9 promovida pelo Centro Esportivo Italiano, com o patroc\u00ednio da Confer\u00eancia Episcopal Italiana e da Santa S\u00e9.<\/p>\n<p>O apito inicial ser\u00e1 no dia 23 de mar\u00e7o e a final ser\u00e1 jogada no dia 27 de maio. \u201cClericus Cup, entre gol e Quaresma\u201d apresenta algumas novidades, como por exemplo a cria\u00e7\u00e3o de um time para recordar a Chapecoense.<\/p>\n<p style=\"text-align: justify;\">\u00a0<\/p>\n<p style=\"text-align: justify;\"><a href=\"https:\/\/www.youtube.com\/watch?v=NIaP94L7Yf0\">Clique aqui para assistir o v\u00eddeo:<\/a><\/p>\n<p style=\"text-align: justify;\">\u00a0<\/p>\n<p style=\"text-align: justify;\">\u201cChape Cusmano Belga\u201d \u00e9 o nome do time guiado pelo Pe. Adenis de Oliveira, Secret\u00e1rio-Geral dos Mission\u00e1rios Servos dos Pobres, p\u00e1roco da Pisana, que jogar\u00e1 com as cores da Chapecoense.<\/p>\n<p>O Col\u00e9gio Pio Brasileiro se apresenta como o segundo maior time da competi\u00e7\u00e3o, com 26 jogadores. O treinador \u00e9 o goleiro Carlos Gomes, da Arquidiocese de Goi\u00e2nia. No meio de campo, est\u00e1 ele: o Neimar Alo\u00edsio Troes, de Toledo, no Paran\u00e1. E o Reitor do Col\u00e9gio Pio Brasileiro, Pe. Geraldo Maia, faz seus votos ao time.<\/p>\n<p style=\"text-align: justify;\">\u00a0<\/p>\n<p style=\"text-align: justify;\">Fonte: R\u00e1dio Vaticano<\/p>\n","protected":false},"excerpt":{"rendered":"<p>Cidade do Vaticano (RV) \u2013 Dezoito times, 404 jogadores de 66 nacionalidades: esta \u00e9 a Clericus Cup, o campeonato pontif\u00edcio de futebol para sacerdotes e seminaristas. \u00a0 Clique aqui para ouvir: \u00a0 O evento, que chega \u00e0 sua 11\u00aa edi\u00e7\u00e3o, foi apresentado na quinta-feira (02\/03) na sede da R\u00e1dio Vaticano. A \u201cCopa do Mundo eclesial\u201d [&hellip;]<\/p>\n","protected":false},"author":1,"featured_media":20786,"comment_status":"open","ping_status":"open","sticky":false,"template":"","format":"standard","meta":{"footnotes":""},"categories":[3],"tags":[],"class_list":["post-20787","post","type-post","status-publish","format-standard","has-post-thumbnail","hentry","category-vaticano"],"_links":{"self":[{"href":"https:\/\/catolicanet.net\/wp-cnet\/wp-json\/wp\/v2\/posts\/20787","targetHints":{"allow":["GET"]}}],"collection":[{"href":"https:\/\/catolicanet.net\/wp-cnet\/wp-json\/wp\/v2\/posts"}],"about":[{"href":"https:\/\/catolicanet.net\/wp-cnet\/wp-json\/wp\/v2\/types\/post"}],"author":[{"embeddable":true,"href":"https:\/\/catolicanet.net\/wp-cnet\/wp-json\/wp\/v2\/users\/1"}],"replies":[{"embeddable":true,"href":"https:\/\/catolicanet.net\/wp-cnet\/wp-json\/wp\/v2\/comments?post=20787"}],"version-history":[{"count":1,"href":"https:\/\/catolicanet.net\/wp-cnet\/wp-json\/wp\/v2\/posts\/20787\/revisions"}],"predecessor-version":[{"id":27124,"href":"https:\/\/catolicanet.net\/wp-cnet\/wp-json\/wp\/v2\/posts\/20787\/revisions\/27124"}],"wp:featuredmedia":[{"embeddable":true,"href":"https:\/\/catolicanet.net\/wp-cnet\/wp-json\/wp\/v2\/media\/20786"}],"wp:attachment":[{"href":"https:\/\/catolicanet.net\/wp-cnet\/wp-json\/wp\/v2\/media?parent=20787"}],"wp:term":[{"taxonomy":"category","embeddable":true,"href":"https:\/\/catolicanet.net\/wp-cnet\/wp-json\/wp\/v2\/categories?post=20787"},{"taxonomy":"post_tag","embeddable":true,"href":"https:\/\/catolicanet.net\/wp-cnet\/wp-json\/wp\/v2\/tags?post=20787"}],"curies":[{"name":"wp","href":"https:\/\/api.w.org\/{rel}","templated":true}]}}