{"id":20783,"date":"2017-03-02T16:26:22","date_gmt":"2017-03-02T19:26:22","guid":{"rendered":"http:\/\/catolicanet.net\/wp-cnet\/2017\/03\/02\/papa-fe-ideologica-adora-um-deus-que-nao-possui-as-chagas-dos-irmaos\/"},"modified":"2017-06-02T13:44:19","modified_gmt":"2017-06-02T16:44:19","slug":"papa-fe-ideologica-adora-um-deus-que-nao-possui-as-chagas-dos-irmaos","status":"publish","type":"post","link":"https:\/\/catolicanet.net\/wp-cnet\/papa-fe-ideologica-adora-um-deus-que-nao-possui-as-chagas-dos-irmaos\/","title":{"rendered":"Papa: f\u00e9 ideol\u00f3gica adora um deus que n\u00e3o possui as chagas dos irm\u00e3os"},"content":{"rendered":"<p style=\"text-align: justify;\"><img decoding=\"async\" src=\"http:\/\/www.catolicanet.com.br\/images\/stories\/papas\/epa2270040_articolo.jpg\" border=\"0\" align=\"left\" \/>Cidade do Vaticano (RV) &#8211; O Papa Francisco celebrou a missa matutina, desta quinta-feira (02\/03), na Casa Santa Marta. O Pont\u00edfice sublinhou que \u201cressoa forte, no in\u00edcio da Quaresma, o convite \u00e0 convers\u00e3o\u201d.<\/p>\n<p style=\"text-align: justify;\">\u00a0<\/p>\n<p style=\"text-align: justify;\"><a href=\"http:\/\/media02.radiovaticana.va\/audio\/audio2\/mp3\/00572192.mp3\">Clique aqui para ouvir:<\/a><\/p>\n<p style=\"text-align: justify;\">\u00a0<\/p>\n<p style=\"text-align: justify;\">A liturgia de hoje coloca esta exorta\u00e7\u00e3o diante de tr\u00eas realidades: o homem, Deus e o caminho. A realidade do homem \u00e9 a de escolher entre o bem e o mal: \u201cDeus nos criou livres. A escolha \u00e9 nossa\u201d, disse o Pont\u00edfice, \u201cmas n\u00e3o nos deixa sozinhos\u201d, nos indica o caminho do bem com os Mandamentos. Depois, h\u00e1 a realidade de Deus: \u201cpara os disc\u00edpulos era dif\u00edcil entender\u201d o caminho da cruz de Jesus:<\/p>\n<p style=\"text-align: justify;\">\u00a0<\/p>\n<p style=\"text-align: justify;\"><a href=\"https:\/\/www.youtube.com\/watch?v=fuwlmQR6lwM\">Clique aqui para assistir o v\u00eddeo:<\/a><\/p>\n<p style=\"text-align: justify;\">\u00a0<\/p>\n<p style=\"text-align: justify;\">Deus tomou sobre si toda a realidade humana, menos o pecado. N\u00e3o h\u00e1 Deus sem Cristo. Um deus sem Cristo \u00e9 desencarnado. Um deus que n\u00e3o \u00e9 real. <\/p>\n<p>\u201cA realidade de Deus \u00e9 Deus que se fez Cristo, por n\u00f3s. Para nos salvar. Quando nos distanciamos dessa realidade e nos distanciamos da Cruz de Cristo, da verdade das chagas do Senhor, nos distanciamos tamb\u00e9m do amor, da caridade de Deus, da salva\u00e7\u00e3o e caminhamos numa estrada ideol\u00f3gica de Deus, distante do Deus que veio at\u00e9 n\u00f3s para nos salvar, do Deus que morreu por n\u00f3s. Esta \u00e9 a realidade de Deus. Deus \u00e9 Cristo. N\u00e3o h\u00e1 Deus sem Cristo.\u201d<\/p>\n<p>O Papa citou o di\u00e1logo entre um agn\u00f3stico e um fiel que acreditava em Deus, criado por um escritor franc\u00eas do s\u00e9culo passado:<\/p>\n<p>\u201cO agn\u00f3stico de boa vontade perguntava ao fiel: \u201cMas, como \u00e9 poss\u00edvel! Para mim, o problema \u00e9 como Cristo \u00e9 Deus: N\u00e3o posso entender isso. Como Cristo \u00e9 Deus?\u201d. E o fiel respondeu: Para mim, isso n\u00e3o \u00e9 um problema. O problema seria se Deus n\u00e3o tivesse se tornado Cristo\u201d. Esta \u00e9 a realidade de Deus: Deus que se fez Cristo, Deus que se fez carne e este \u00e9 o fundamento das obras de miseric\u00f3rdia. As chagas de nossos irm\u00e3os s\u00e3o as chagas de Cristo, s\u00e3o as chagas de Deus, porque Deus se fez Cristo. Esta \u00e9 a segunda realidade. N\u00e3o podemos viver a Quaresma sem esta realidade. Devemos nos converter n\u00e3o a um Deus abstrato, mas a um Deus concreto que se fez Cristo.\u201d<\/p>\n<p>Enfim, a terceira realidade, \u00e9 a do caminho. Jesus diz: \u201cSe algu\u00e9m quer me seguir, renegue a si mesmo, tome a sua cruz a cada dia e me siga\u201d<\/p>\n<p>\u201cA realidade do caminho \u00e9 a de Cristo: seguir Cristo, fazer a vontade do Pai e como Ele pegar as cruzes de cada dia e renegar a si mesmo para seguir Cristo. N\u00e3o fazer o que eu quero, mas o que Jesus quer. Seguir Jesus. Ele fala que nessa estrada n\u00f3s perdemos a vida para ganh\u00e1-la depois. \u00c9 perder a vida continuamente, deixar de fazer o que eu quero, perder as comodidades, estar sempre na estrada de Jesus que estava a servi\u00e7o dos outros, e adorar Deus. Esta \u00e9 a estrada certa.\u201d <\/p>\n<p>\u201cO \u00fanico caminho seguro \u00e9 seguir Cristo crucificado, esc\u00e2ndalo da Cruz. Estas tr\u00eas realidades, o homem, Deus e o caminho s\u00e3o a b\u00fassola que n\u00e3o deixa o crist\u00e3o errar o caminho\u201d, concluiu o Papa.<\/p>\n<p style=\"text-align: justify;\">\u00a0<\/p>\n<p style=\"text-align: justify;\">Fonte: R\u00e1dio Vaticano<\/p>\n","protected":false},"excerpt":{"rendered":"<p>Cidade do Vaticano (RV) &#8211; O Papa Francisco celebrou a missa matutina, desta quinta-feira (02\/03), na Casa Santa Marta. O Pont\u00edfice sublinhou que \u201cressoa forte, no in\u00edcio da Quaresma, o convite \u00e0 convers\u00e3o\u201d. \u00a0 Clique aqui para ouvir: \u00a0 A liturgia de hoje coloca esta exorta\u00e7\u00e3o diante de tr\u00eas realidades: o homem, Deus e o [&hellip;]<\/p>\n","protected":false},"author":1,"featured_media":20782,"comment_status":"open","ping_status":"open","sticky":false,"template":"","format":"standard","meta":{"footnotes":""},"categories":[3],"tags":[],"class_list":["post-20783","post","type-post","status-publish","format-standard","has-post-thumbnail","hentry","category-vaticano"],"_links":{"self":[{"href":"https:\/\/catolicanet.net\/wp-cnet\/wp-json\/wp\/v2\/posts\/20783","targetHints":{"allow":["GET"]}}],"collection":[{"href":"https:\/\/catolicanet.net\/wp-cnet\/wp-json\/wp\/v2\/posts"}],"about":[{"href":"https:\/\/catolicanet.net\/wp-cnet\/wp-json\/wp\/v2\/types\/post"}],"author":[{"embeddable":true,"href":"https:\/\/catolicanet.net\/wp-cnet\/wp-json\/wp\/v2\/users\/1"}],"replies":[{"embeddable":true,"href":"https:\/\/catolicanet.net\/wp-cnet\/wp-json\/wp\/v2\/comments?post=20783"}],"version-history":[{"count":1,"href":"https:\/\/catolicanet.net\/wp-cnet\/wp-json\/wp\/v2\/posts\/20783\/revisions"}],"predecessor-version":[{"id":27126,"href":"https:\/\/catolicanet.net\/wp-cnet\/wp-json\/wp\/v2\/posts\/20783\/revisions\/27126"}],"wp:featuredmedia":[{"embeddable":true,"href":"https:\/\/catolicanet.net\/wp-cnet\/wp-json\/wp\/v2\/media\/20782"}],"wp:attachment":[{"href":"https:\/\/catolicanet.net\/wp-cnet\/wp-json\/wp\/v2\/media?parent=20783"}],"wp:term":[{"taxonomy":"category","embeddable":true,"href":"https:\/\/catolicanet.net\/wp-cnet\/wp-json\/wp\/v2\/categories?post=20783"},{"taxonomy":"post_tag","embeddable":true,"href":"https:\/\/catolicanet.net\/wp-cnet\/wp-json\/wp\/v2\/tags?post=20783"}],"curies":[{"name":"wp","href":"https:\/\/api.w.org\/{rel}","templated":true}]}}