{"id":20781,"date":"2017-03-02T14:50:05","date_gmt":"2017-03-02T17:50:05","guid":{"rendered":"http:\/\/catolicanet.net\/wp-cnet\/2017\/03\/02\/o-que-e-quaresma-e-por-que-cristaos-fazem-penitencia-nesse-periodo\/"},"modified":"2017-05-26T10:34:45","modified_gmt":"2017-05-26T13:34:45","slug":"o-que-e-quaresma-e-por-que-cristaos-fazem-penitencia-nesse-periodo","status":"publish","type":"post","link":"https:\/\/catolicanet.net\/wp-cnet\/o-que-e-quaresma-e-por-que-cristaos-fazem-penitencia-nesse-periodo\/","title":{"rendered":"O que \u00e9 Quaresma e por que crist\u00e3os fazem penit\u00eancia nesse per\u00edodo"},"content":{"rendered":"<p style=\"text-align: justify;\"><img decoding=\"async\" src=\"http:\/\/www.catolicanet.com.br\/images\/stories\/noticias\/crossofashes-1180x472.jpg\" border=\"0\" align=\"left\" \/>Entenda o motivo pelo qual a Quarta-feira de Cinzas marca o in\u00edcio de um per\u00edodo intenso de jejum, ora\u00e7\u00e3o e obras de caridade para milh\u00f5es de fi\u00e9is<\/p>\n<p>A quarta-feira de cinzas marca o in\u00edcio da Quaresma, um per\u00edodo de 40 dias que vem antes da P\u00e1scoa no calend\u00e1rio crist\u00e3o. \u00c9 um tempo de ora\u00e7\u00e3o, penit\u00eancia e caridade, trip\u00e9 que se baseia no ensinamento dado por Jesus no cap\u00edtulo 6 do Evangelho de Mateus.<\/p>\n<p>Observando a Quaresma, os crist\u00e3os rememoram o sacrif\u00edcio de Jesus Cristo, que se recolheu no deserto, jejuando por 40 dias ao iniciar a sua vida p\u00fablica e submetendo-se \u00e0 tenta\u00e7\u00e3o.<\/p>\n<p>Por que 40?<\/p>\n<p>O n\u00famero 40 \u00e9 muito significativo para a tradi\u00e7\u00e3o judaico-crist\u00e3. O dil\u00favio narrado em G\u00eanesis, quando No\u00e9 construiu a sua arca, aconteceu depois de 40 dias de chuva. Quando Mois\u00e9s conduziu o povo hebreu para fora do Egito, tirando-os da escravid\u00e3o, eles peregrinaram por 40 anos no deserto at\u00e9 alcan\u00e7ar a terra prometida por Deus. Antes de receber os dez mandamentos, o pr\u00f3prio Mois\u00e9s jejuou por 40 dias.<\/p>\n<p>As Igrejas do Oriente contam os 40 dias de forma diferente das do Ocidente. Estas excluem os domingos \u2013 por ser sempre celebrado como o dia da ressurrei\u00e7\u00e3o de Jesus \u2013 enquanto aquelas os incluem. Por isso, a Quaresma come\u00e7a em dias diferentes. Nas Igrejas do Oriente, ela come\u00e7a na segunda-feira da 7\u00aa semana antes da P\u00e1scoa e termina na sexta-feira, 9 dias antes da P\u00e1scoa.<\/p>\n<p>Por que se fazem ren\u00fancias na Quaresma?<\/p>\n<p>Poucos crist\u00e3os jejuam durante toda a Quaresma, como Jesus fez no deserto. A maioria dos fi\u00e9is das Igrejas que observam a Quaresma jejuam somente na Quarta-feira de Cinzas e na Sexta-feira Santa.<\/p>\n<p>A disciplina quaresmal da Igreja cat\u00f3lica, por exemplo, prescreve o jejum para esses dois dias. N\u00e3o \u00e9 necess\u00e1rio abster-se totalmente de alimento: a Igreja recomenda nesses dias que se fa\u00e7a uma refei\u00e7\u00e3o completa e mais dois pequenos lanches que, juntos, n\u00e3o sejam equivalentes a uma refei\u00e7\u00e3o inteira. A isso, nesses dois dias, acrescenta-se a abstin\u00eancia de carne de animais de sangue quente. Menores de 18 anos, idosos, doentes, gestantes e lactantes est\u00e3o dispensados do jejum nesses dias.<\/p>\n<p>At\u00e9 mesmo algumas pessoas que n\u00e3o frequentam alguma Igreja optam por renunciar durante esse per\u00edodo a algum v\u00edcio particular, como a sua comida favorita, o \u00e1lcool ou o cigarro.<\/p>\n<p>O jejum tem v\u00e1rios sentidos que se sobrep\u00f5em. Trata-se de fazer um sacrif\u00edcio como forma de ora\u00e7\u00e3o e de boa disposi\u00e7\u00e3o diante de Deus; de uma pr\u00e1tica de autodisciplina, que exercita a vontade para poder aplic\u00e1-la bem, vivendo uma liberdade mais plena; e de uma ren\u00fancia em favor do pr\u00f3ximo, compartilhando com os necessitados tanto a condi\u00e7\u00e3o de fome quanto a comida a que renunciamos.<\/p>\n<p>O jejum em outras religi\u00f5es<\/p>\n<p>Todo ano, muitos do 1,6 bilh\u00e3o de mu\u00e7ulmanos do mundo observam o Ramad\u00e3, o per\u00edodo de jejum, ora\u00e7\u00e3o e esmola.<\/p>\n<p>Os mu\u00e7ulmanos acreditam que o profeta Maom\u00e9 recebeu a parte final de uma s\u00e9rie de revela\u00e7\u00f5es de Deus, que se tornaram o Cor\u00e3o, durante o nono m\u00eas do calend\u00e1rio isl\u00e2mico, o m\u00eas do Ramad\u00e3. Os fi\u00e9is marcam esse m\u00eas, o mais sagrado do ano, com pr\u00e1ticas de abnega\u00e7\u00e3o e purifica\u00e7\u00e3o.<\/p>\n<p>Os que observam o jejum se abst\u00eam de qualquer comida ou bebida \u2013 bem como de cigarro e sexo \u2013 entre o nascer e o p\u00f4r-do-sol durante o m\u00eas.<\/p>\n<p> 10 famosos que se converteram e mudaram de vida<\/p>\n<p>Os judeus praticam o jejum durante o Dia do Perd\u00e3o, o Yom Kippur. Do p\u00f4r-do-sol de um dia ao p\u00f4r-do-sol de outro dia, eles n\u00e3o comem nem bebem nada.<\/p>\n<p>Como os crist\u00e3os celebram a Quarta-feira de Cinzas?<\/p>\n<p>Na Igreja Cat\u00f3lica, bem como na Igreja Anglicana, h\u00e1 nesse dia uma celebra\u00e7\u00e3o especial na qual os fi\u00e9is recebem em suas testas uma cruz de cinzas como s\u00edmbolo de morte e penit\u00eancia.<\/p>\n<p>O rito \u00e9 acompanhado da frase \u201cLembra-te de que \u00e9s p\u00f3 e ao p\u00f3 h\u00e1s de voltar\u201d ou \u201cConvertei-vos e crede no Evangelho\u201d.<\/p>\n<p>As cinzas s\u00e3o feitas a partir dos ramos aben\u00e7oados na celebra\u00e7\u00e3o do Domingo de Ramos, o domingo anterior \u00e0 P\u00e1scoa, do ano anterior.<\/p>\n<p>As cinzas lembram que a morte \u00e9 uma realidade que espera a todos: que a nossa natureza humana \u00e9 fr\u00e1gil, mas foi criada orientada para Deus, sem o qual n\u00e3o somos mais do que p\u00f3. Por isso, lembram a urg\u00eancia da convers\u00e3o, de orientar a vida para a comunh\u00e3o com Deus, sem a qual nem a vida nem a morte t\u00eam sentido.<\/p>\n<p>Ao serem impostas em forma de cruz, lembram que pela salva\u00e7\u00e3o obtida por Cristo na cruz o crist\u00e3o foi batizado, isto \u00e9, morreu para o mundo e nasceu para uma vida nova.<\/p>\n<p style=\"text-align: justify;\">\u00a0<\/p>\n<p style=\"text-align: justify;\">Fonte: Sempre Familia<\/p>\n","protected":false},"excerpt":{"rendered":"<p>Entenda o motivo pelo qual a Quarta-feira de Cinzas marca o in\u00edcio de um per\u00edodo intenso de jejum, ora\u00e7\u00e3o e obras de caridade para milh\u00f5es de fi\u00e9is A quarta-feira de cinzas marca o in\u00edcio da Quaresma, um per\u00edodo de 40 dias que vem antes da P\u00e1scoa no calend\u00e1rio crist\u00e3o. \u00c9 um tempo de ora\u00e7\u00e3o, penit\u00eancia [&hellip;]<\/p>\n","protected":false},"author":1,"featured_media":20780,"comment_status":"open","ping_status":"open","sticky":false,"template":"","format":"standard","meta":{"footnotes":""},"categories":[4],"tags":[],"class_list":["post-20781","post","type-post","status-publish","format-standard","has-post-thumbnail","hentry","category-cotidiano"],"_links":{"self":[{"href":"https:\/\/catolicanet.net\/wp-cnet\/wp-json\/wp\/v2\/posts\/20781","targetHints":{"allow":["GET"]}}],"collection":[{"href":"https:\/\/catolicanet.net\/wp-cnet\/wp-json\/wp\/v2\/posts"}],"about":[{"href":"https:\/\/catolicanet.net\/wp-cnet\/wp-json\/wp\/v2\/types\/post"}],"author":[{"embeddable":true,"href":"https:\/\/catolicanet.net\/wp-cnet\/wp-json\/wp\/v2\/users\/1"}],"replies":[{"embeddable":true,"href":"https:\/\/catolicanet.net\/wp-cnet\/wp-json\/wp\/v2\/comments?post=20781"}],"version-history":[{"count":1,"href":"https:\/\/catolicanet.net\/wp-cnet\/wp-json\/wp\/v2\/posts\/20781\/revisions"}],"predecessor-version":[{"id":23164,"href":"https:\/\/catolicanet.net\/wp-cnet\/wp-json\/wp\/v2\/posts\/20781\/revisions\/23164"}],"wp:featuredmedia":[{"embeddable":true,"href":"https:\/\/catolicanet.net\/wp-cnet\/wp-json\/wp\/v2\/media\/20780"}],"wp:attachment":[{"href":"https:\/\/catolicanet.net\/wp-cnet\/wp-json\/wp\/v2\/media?parent=20781"}],"wp:term":[{"taxonomy":"category","embeddable":true,"href":"https:\/\/catolicanet.net\/wp-cnet\/wp-json\/wp\/v2\/categories?post=20781"},{"taxonomy":"post_tag","embeddable":true,"href":"https:\/\/catolicanet.net\/wp-cnet\/wp-json\/wp\/v2\/tags?post=20781"}],"curies":[{"name":"wp","href":"https:\/\/api.w.org\/{rel}","templated":true}]}}