{"id":20779,"date":"2017-03-02T14:43:29","date_gmt":"2017-03-02T17:43:29","guid":{"rendered":"http:\/\/catolicanet.net\/wp-cnet\/2017\/03\/02\/cf-inserida-no-tempo-da-quaresma-convida-a-conversao-ecologica\/"},"modified":"2017-05-26T11:22:12","modified_gmt":"2017-05-26T14:22:12","slug":"cf-inserida-no-tempo-da-quaresma-convida-a-conversao-ecologica","status":"publish","type":"post","link":"https:\/\/catolicanet.net\/wp-cnet\/cf-inserida-no-tempo-da-quaresma-convida-a-conversao-ecologica\/","title":{"rendered":"CF inserida no tempo da Quaresma convida \u00e0 convers\u00e3o ecol\u00f3gica"},"content":{"rendered":"<p style=\"text-align: justify;\"><img decoding=\"async\" src=\"http:\/\/www.catolicanet.com.br\/images\/stories\/noticias\/conversao-quaresmaj.jpg\" border=\"0\" align=\"left\" \/>Viv\u00eancia das pr\u00e1ticas quaresmais e da CF: experimentar espiritualidade pascal capaz de gerar convers\u00e3o pessoal, comunit\u00e1ria e social<\/p>\n<p>A Igreja iniciou nesta Quarta-feira de Cinzas, 1\u00ba de mar\u00e7o, o Tempo da Quaresma, ocasi\u00e3o em que se prepara a celebra\u00e7\u00e3o da P\u00e1scoa, centro da f\u00e9 cat\u00f3lica. No Brasil, este per\u00edodo tamb\u00e9m \u00e9 marcado pela Campanha da Fraternidade (CF), cuja finalidade principal \u00e9 vivenciar e assumir a dimens\u00e3o comunit\u00e1ria e social da Quaresma. A CF ilumina de modo particular os gestos fundamentais desse tempo lit\u00fargico: a ora\u00e7\u00e3o, o jejum e a esmola.<\/p>\n<p>O texto-base da CF 2017, cujo tema \u00e9 \u201cFraternidade: Biomas brasileiros e defesa da vida\u201d, orienta que \u201cas pr\u00e1ticas quaresmais da esmola, da ora\u00e7\u00e3o, do jejum, a convers\u00e3o e a Campanha da Fraternidade tornam-se oportunidades de experimentar a espiritualidade pascal capaz de gerar, ao mesmo tempo, a convers\u00e3o pessoal, comunit\u00e1ria e social\u201d.<\/p>\n<p>Para o bispo auxiliar de Bras\u00edlia (DF) e secret\u00e1rio geral da Confer\u00eancia Nacional dos Bispos do Brasil (CNBB), dom Leonardo Ulrich Steiner, a Quaresma \u00e9 um tempo precioso da vida da Igreja, das comunidades, mas tamb\u00e9m da vida pessoal. \u201cEle nos leva ao encontro de Jesus crucificado, de ressuscitado, o Reino plenificado. Por isso a Igreja sempre toma esse tempo como um tempo precioso, salv\u00edfico, de transforma\u00e7\u00e3o, de convers\u00e3o. E \u00e9 neste tempo que a igreja no Brasil sempre reflete e reza uma realidade\u201d, explica. Para dom Leonardo, a CF busca sempre uma realidade para que, no tempo da convers\u00e3o, \u201cn\u00f3s tamb\u00e9m ajudemos a transformar uma realidade, nos convertamos para essa realidade\u201d.<\/p>\n<p>Em sua mensagem enviada \u00e0 CNBB por ocasi\u00e3o da abertura da CF 2017, o papa Francisco ressaltou que a iniciativa \u00e9 \u201cum convite a viver com mais consci\u00eancia e determina\u00e7\u00e3o a espiritualidade pascal\u201d. Para o pont\u00edfice, a comunh\u00e3o na P\u00e1scoa de Jesus Cristo \u00e9 capaz de suscitar a convers\u00e3o permanente e integral, que \u00e9, ao mesmo tempo, pessoal, comunit\u00e1ria, social e ecol\u00f3gica. \u201cUma pessoa de f\u00e9 que celebra na P\u00e1scoa a vit\u00f3ria da vida sobre a morte, ao tomar consci\u00eancia da situa\u00e7\u00e3o de agress\u00e3o \u00e0 cria\u00e7\u00e3o de Deus em cada um dos biomas brasileiros, n\u00e3o poder\u00e1 ficar indiferente\u201d, alertou Francisco.<\/p>\n<p>O bispo de Livramento de Nossa Senhora (BA) e presidente da Comiss\u00e3o Episcopal Pastoral para a Liturgia da CNBB, dom Armando Bucciol, explica que, desde antigamente a Igreja dedica um tempo como prepara\u00e7\u00e3o para que a P\u00e1scoa do Senhor seja devidamente compreendida e vivida: a Quaresma. \u201cNestes 40 dias, a igreja toda coloca-se em atitude de escuta da Palavra e \u00e0 luz dela e pelo seu incentivo, abre-se para uma maior coer\u00eancia em sua fidelidade ao projeto de Jesus\u201d, afirma dom Armando.<\/p>\n<p>Quaresma \u00e9 tempo forte \u201cpara rever a nossa vida e, eis que a Campanha da Fraternidade se insere dentro deste processo de convers\u00e3o\u201d. As tem\u00e1ticas deste ano &#8211; biomas, natureza, povos origin\u00e1rios e a enc\u00edclica Laudato Si\u2019 do papa Francisco \u2013 \u201cnos incentivam e convidam para que a nossa vida seja mais coerente em harmonia com o projeto de vida crist\u00e3\u201d, observa dom Bucciol.<\/p>\n<p style=\"text-align: justify;\">\u00a0<\/p>\n<p style=\"text-align: justify;\">Fonte: CNBB<\/p>\n","protected":false},"excerpt":{"rendered":"<p>Viv\u00eancia das pr\u00e1ticas quaresmais e da CF: experimentar espiritualidade pascal capaz de gerar convers\u00e3o pessoal, comunit\u00e1ria e social A Igreja iniciou nesta Quarta-feira de Cinzas, 1\u00ba de mar\u00e7o, o Tempo da Quaresma, ocasi\u00e3o em que se prepara a celebra\u00e7\u00e3o da P\u00e1scoa, centro da f\u00e9 cat\u00f3lica. No Brasil, este per\u00edodo tamb\u00e9m \u00e9 marcado pela Campanha da [&hellip;]<\/p>\n","protected":false},"author":1,"featured_media":20778,"comment_status":"open","ping_status":"open","sticky":false,"template":"","format":"standard","meta":{"footnotes":""},"categories":[7],"tags":[],"class_list":["post-20779","post","type-post","status-publish","format-standard","has-post-thumbnail","hentry","category-cnbb"],"_links":{"self":[{"href":"https:\/\/catolicanet.net\/wp-cnet\/wp-json\/wp\/v2\/posts\/20779","targetHints":{"allow":["GET"]}}],"collection":[{"href":"https:\/\/catolicanet.net\/wp-cnet\/wp-json\/wp\/v2\/posts"}],"about":[{"href":"https:\/\/catolicanet.net\/wp-cnet\/wp-json\/wp\/v2\/types\/post"}],"author":[{"embeddable":true,"href":"https:\/\/catolicanet.net\/wp-cnet\/wp-json\/wp\/v2\/users\/1"}],"replies":[{"embeddable":true,"href":"https:\/\/catolicanet.net\/wp-cnet\/wp-json\/wp\/v2\/comments?post=20779"}],"version-history":[{"count":1,"href":"https:\/\/catolicanet.net\/wp-cnet\/wp-json\/wp\/v2\/posts\/20779\/revisions"}],"predecessor-version":[{"id":23226,"href":"https:\/\/catolicanet.net\/wp-cnet\/wp-json\/wp\/v2\/posts\/20779\/revisions\/23226"}],"wp:featuredmedia":[{"embeddable":true,"href":"https:\/\/catolicanet.net\/wp-cnet\/wp-json\/wp\/v2\/media\/20778"}],"wp:attachment":[{"href":"https:\/\/catolicanet.net\/wp-cnet\/wp-json\/wp\/v2\/media?parent=20779"}],"wp:term":[{"taxonomy":"category","embeddable":true,"href":"https:\/\/catolicanet.net\/wp-cnet\/wp-json\/wp\/v2\/categories?post=20779"},{"taxonomy":"post_tag","embeddable":true,"href":"https:\/\/catolicanet.net\/wp-cnet\/wp-json\/wp\/v2\/tags?post=20779"}],"curies":[{"name":"wp","href":"https:\/\/api.w.org\/{rel}","templated":true}]}}