{"id":20752,"date":"2017-02-24T13:36:04","date_gmt":"2017-02-24T16:36:04","guid":{"rendered":"http:\/\/catolicanet.net\/wp-cnet\/2017\/02\/24\/caridade-do-papa-ajuda-produtores-de-areas-atingidas-por-terremoto\/"},"modified":"2017-06-02T10:00:27","modified_gmt":"2017-06-02T13:00:27","slug":"caridade-do-papa-ajuda-produtores-de-areas-atingidas-por-terremoto","status":"publish","type":"post","link":"https:\/\/catolicanet.net\/wp-cnet\/caridade-do-papa-ajuda-produtores-de-areas-atingidas-por-terremoto\/","title":{"rendered":"Caridade do Papa ajuda produtores de \u00e1reas atingidas por terremoto"},"content":{"rendered":"<p style=\"text-align: justify;\"><img decoding=\"async\" src=\"http:\/\/www.catolicanet.com.br\/images\/stories\/noticias\/ansa1125328_articolo.jpg\" border=\"0\" align=\"left\" \/>Cidade do Vaticano (RV) &#8211; Por indica\u00e7\u00e3o do Papa Francisco, a Esmolaria Apost\u00f3lica esteve estes dias nas zonas atingidas pelos terremotos que t\u00eam abalado o centro da It\u00e1lia para adquirir de pequenos revendedores produtos alimentares t\u00edpicos das \u00e1reas atingidas. A queda no com\u00e9rcio ap\u00f3s os abalos s\u00edsmicos tem levado esses revendedores a um per\u00edodo de grandes dificuldades.<\/p>\n<p style=\"text-align: justify;\">\u00a0<\/p>\n<p style=\"text-align: justify;\"><a href=\"http:\/\/media02.radiovaticana.va\/audio\/audio2\/mp3\/00571296.mp3\">Clique aqui para ouvir:<\/a><\/p>\n<p style=\"text-align: justify;\">\u00a0<\/p>\n<p style=\"text-align: justify;\">De comum acordo com os bispos de Rieti, Dom Domenico Pompili; de Ascoli Piceno, Dom Giovanni D\u2019Ercole; de Camerino-San Severino Marche, Dom Francesco Giovanni Brugnaro; e de Spoleto-Norcia, Dom Renato Boccardo, foi feito um levantamento identificando alguns grupos de camponeses, agricultores e produtores cujas empresas correm o risco de fechar por causa dos danos provocados pelo terremoto.<\/p>\n<p>Produtos adquiridos doados a refeit\u00f3rios caritativos<\/p>\n<p>A Esmolaria Apost\u00f3lica comprou uma grande quantidade de produtos desses grupos com a inten\u00e7\u00e3o, expressa pelo Santo Padre, de ajud\u00e1-los no prosseguimento de suas atividades.<\/p>\n<p>Trata-se de um gesto em linha com o magist\u00e9rio do Papa Francisco que reiteradas vezes, em seus encontros, recordou que \u201cquando n\u00e3o se ganha o p\u00e3o, se perde a dignidade\u201d.<\/p>\n<p>Todos os produtos adquiridos foram imediatamente distribu\u00eddos a v\u00e1rios refeit\u00f3rios caritativos da cidade de Roma para a prepara\u00e7\u00e3o de refei\u00e7\u00f5es diariamente doadas \u00e0s pessoas necessitadas e sem morada fixa.<\/p>\n<p>Ajudar a reaquecer a economia das \u00e1reas atingidas<\/p>\n<p>J\u00e1 de h\u00e1 alguns meses no supermercado situado na Cidade do Vaticano, reservado aos funcion\u00e1rios vaticanos, \u00e9 poss\u00edvel adquirir alguns produtos t\u00edpicos das \u00e1reas atingidas pelos terremotos, contribuindo desse modo para reaquecer a economia daquela parte central da It\u00e1lia ainda em dificuldades.<\/p>\n<p style=\"text-align: justify;\">\u00a0<\/p>\n<p style=\"text-align: justify;\">Fonte: R\u00e1dio Vaticano<\/p>\n","protected":false},"excerpt":{"rendered":"<p>Cidade do Vaticano (RV) &#8211; Por indica\u00e7\u00e3o do Papa Francisco, a Esmolaria Apost\u00f3lica esteve estes dias nas zonas atingidas pelos terremotos que t\u00eam abalado o centro da It\u00e1lia para adquirir de pequenos revendedores produtos alimentares t\u00edpicos das \u00e1reas atingidas. A queda no com\u00e9rcio ap\u00f3s os abalos s\u00edsmicos tem levado esses revendedores a um per\u00edodo de [&hellip;]<\/p>\n","protected":false},"author":1,"featured_media":20043,"comment_status":"open","ping_status":"open","sticky":false,"template":"","format":"standard","meta":{"footnotes":""},"categories":[3],"tags":[],"class_list":["post-20752","post","type-post","status-publish","format-standard","has-post-thumbnail","hentry","category-vaticano"],"_links":{"self":[{"href":"https:\/\/catolicanet.net\/wp-cnet\/wp-json\/wp\/v2\/posts\/20752","targetHints":{"allow":["GET"]}}],"collection":[{"href":"https:\/\/catolicanet.net\/wp-cnet\/wp-json\/wp\/v2\/posts"}],"about":[{"href":"https:\/\/catolicanet.net\/wp-cnet\/wp-json\/wp\/v2\/types\/post"}],"author":[{"embeddable":true,"href":"https:\/\/catolicanet.net\/wp-cnet\/wp-json\/wp\/v2\/users\/1"}],"replies":[{"embeddable":true,"href":"https:\/\/catolicanet.net\/wp-cnet\/wp-json\/wp\/v2\/comments?post=20752"}],"version-history":[{"count":1,"href":"https:\/\/catolicanet.net\/wp-cnet\/wp-json\/wp\/v2\/posts\/20752\/revisions"}],"predecessor-version":[{"id":27127,"href":"https:\/\/catolicanet.net\/wp-cnet\/wp-json\/wp\/v2\/posts\/20752\/revisions\/27127"}],"wp:featuredmedia":[{"embeddable":true,"href":"https:\/\/catolicanet.net\/wp-cnet\/wp-json\/wp\/v2\/media\/20043"}],"wp:attachment":[{"href":"https:\/\/catolicanet.net\/wp-cnet\/wp-json\/wp\/v2\/media?parent=20752"}],"wp:term":[{"taxonomy":"category","embeddable":true,"href":"https:\/\/catolicanet.net\/wp-cnet\/wp-json\/wp\/v2\/categories?post=20752"},{"taxonomy":"post_tag","embeddable":true,"href":"https:\/\/catolicanet.net\/wp-cnet\/wp-json\/wp\/v2\/tags?post=20752"}],"curies":[{"name":"wp","href":"https:\/\/api.w.org\/{rel}","templated":true}]}}