{"id":20737,"date":"2017-02-24T11:37:22","date_gmt":"2017-02-24T14:37:22","guid":{"rendered":"http:\/\/catolicanet.net\/wp-cnet\/2017\/02\/24\/cnis-promove-encontros-de-formacao-com-a-juventude\/"},"modified":"2017-05-26T11:24:47","modified_gmt":"2017-05-26T14:24:47","slug":"cnis-promove-encontros-de-formacao-com-a-juventude","status":"publish","type":"post","link":"https:\/\/catolicanet.net\/wp-cnet\/cnis-promove-encontros-de-formacao-com-a-juventude\/","title":{"rendered":"CNIS promove encontros de forma\u00e7\u00e3o com a juventude"},"content":{"rendered":"<p style=\"text-align: justify;\"><img decoding=\"async\" src=\"http:\/\/www.catolicanet.com.br\/images\/stories\/noticias\/encontro_cnis.png\" border=\"0\" align=\"left\" \/>Eventos refor\u00e7am busca pela valoriza\u00e7\u00e3o da comunh\u00e3o fraterna e proje\u00e7\u00e3o de perspectivas vocacionais<\/p>\n<p>Nos meses de fevereiro e de abril, a Confer\u00eancia Nacional dos Institutos Seculares (CNIS) &#8211; organismo de comunh\u00e3o e di\u00e1logo com a Confer\u00eancia Nacional dos Bispos do Brasil (CNBB) \u2013 promove um curso de forma\u00e7\u00e3o e o I Encontro da Juventude Consagrada Secular. Os dois eventos acontecem no Centro de Forma\u00e7\u00e3o Sagrada Fam\u00edlia, no bairro Ipiranga da capital paulista.<\/p>\n<p>O curso de forma\u00e7\u00e3o ter\u00e1 como tema \u201cVoca\u00e7\u00e3o e Miss\u00e3o\u201d. O objetivo \u00e9 analisar o processo de seculariza\u00e7\u00e3o, aprofundar a espiritualidade espec\u00edfica, valorizar a comunh\u00e3o fraterna e projetar as perspectivas vocacionais. Ser\u00e1 realizado de 24 a 27 de fevereiro.<\/p>\n<p>O I Encontro da Juventude Consagrada Secular,\u00a0 ocorrer\u00e1 de 21 a 23 de abril de 2017. O tema escolhido \u00e9 \u201cO mist\u00e9rio da Encarna\u00e7\u00e3o como fundamento da Secularidade no dinamismo do tempo e das mudan\u00e7as hist\u00f3ricas \u201d. Para o evento, tamb\u00e9m h\u00e1 um lema: \u201cJuventude Consagrada Secular: nosso ch\u00e3o, nossa miss\u00e3o!\u201d. Este encontro \u00e9 destinado aos membros jovens dos Institutos Seculares, que tenham idade at\u00e9 45 anos. De acordo com a CNIS, o objetivo \u00e9 promover a comunh\u00e3o fraterna, a forma\u00e7\u00e3o, o aprofundamento sobre a identidade do Consagrado Secular e construir um projeto de perspectiva futura para a vida consagrada secular no Brasil.<\/p>\n<p>\u201cPercebemos que a juventude consagrada secular sente a necessidade de uma rela\u00e7\u00e3o de fraternidade e conviv\u00eancia entre si, de aprofundar e fortalecer a identidade de consagradas e consagrados seculares, no Brasil\u201d, afirma a coordenadora da Comiss\u00e3o organizadora, Floriza Kazue Okuda.<\/p>\n<p>O Servi\u00e7o de Anima\u00e7\u00e3o Vocacional da CNIS pretende com o encontro identificar os membros jovens dos Institutos Seculares; animar os jovens consagrados a serem instrumento de comunh\u00e3o e servi\u00e7o para os outros e entre si; e construir um projeto de perspectiva futura para a vida consagrada secular no Brasil.<\/p>\n<p>Informa\u00e7\u00f5es e inscri\u00e7\u00f5es pelo telefone (11) 94223 1603 ou pelos e-mails: florizakazue@gmail.com e encontro.juventudecnis@gmail.com<\/p>\n<p style=\"text-align: justify;\">\u00a0<\/p>\n<p style=\"text-align: justify;\">Fonte: CNBB<\/p>\n","protected":false},"excerpt":{"rendered":"<p>Eventos refor\u00e7am busca pela valoriza\u00e7\u00e3o da comunh\u00e3o fraterna e proje\u00e7\u00e3o de perspectivas vocacionais Nos meses de fevereiro e de abril, a Confer\u00eancia Nacional dos Institutos Seculares (CNIS) &#8211; organismo de comunh\u00e3o e di\u00e1logo com a Confer\u00eancia Nacional dos Bispos do Brasil (CNBB) \u2013 promove um curso de forma\u00e7\u00e3o e o I Encontro da Juventude Consagrada [&hellip;]<\/p>\n","protected":false},"author":1,"featured_media":20736,"comment_status":"open","ping_status":"open","sticky":false,"template":"","format":"standard","meta":{"footnotes":""},"categories":[7],"tags":[],"class_list":["post-20737","post","type-post","status-publish","format-standard","has-post-thumbnail","hentry","category-cnbb"],"_links":{"self":[{"href":"https:\/\/catolicanet.net\/wp-cnet\/wp-json\/wp\/v2\/posts\/20737","targetHints":{"allow":["GET"]}}],"collection":[{"href":"https:\/\/catolicanet.net\/wp-cnet\/wp-json\/wp\/v2\/posts"}],"about":[{"href":"https:\/\/catolicanet.net\/wp-cnet\/wp-json\/wp\/v2\/types\/post"}],"author":[{"embeddable":true,"href":"https:\/\/catolicanet.net\/wp-cnet\/wp-json\/wp\/v2\/users\/1"}],"replies":[{"embeddable":true,"href":"https:\/\/catolicanet.net\/wp-cnet\/wp-json\/wp\/v2\/comments?post=20737"}],"version-history":[{"count":1,"href":"https:\/\/catolicanet.net\/wp-cnet\/wp-json\/wp\/v2\/posts\/20737\/revisions"}],"predecessor-version":[{"id":23231,"href":"https:\/\/catolicanet.net\/wp-cnet\/wp-json\/wp\/v2\/posts\/20737\/revisions\/23231"}],"wp:featuredmedia":[{"embeddable":true,"href":"https:\/\/catolicanet.net\/wp-cnet\/wp-json\/wp\/v2\/media\/20736"}],"wp:attachment":[{"href":"https:\/\/catolicanet.net\/wp-cnet\/wp-json\/wp\/v2\/media?parent=20737"}],"wp:term":[{"taxonomy":"category","embeddable":true,"href":"https:\/\/catolicanet.net\/wp-cnet\/wp-json\/wp\/v2\/categories?post=20737"},{"taxonomy":"post_tag","embeddable":true,"href":"https:\/\/catolicanet.net\/wp-cnet\/wp-json\/wp\/v2\/tags?post=20737"}],"curies":[{"name":"wp","href":"https:\/\/api.w.org\/{rel}","templated":true}]}}