{"id":20733,"date":"2017-02-23T19:47:47","date_gmt":"2017-02-23T22:47:47","guid":{"rendered":"http:\/\/catolicanet.net\/wp-cnet\/2017\/02\/23\/francisco-recebe-nova-edicao-da-tora\/"},"modified":"2017-06-02T10:46:31","modified_gmt":"2017-06-02T13:46:31","slug":"francisco-recebe-nova-edicao-da-tora","status":"publish","type":"post","link":"https:\/\/catolicanet.net\/wp-cnet\/francisco-recebe-nova-edicao-da-tora\/","title":{"rendered":"Francisco recebe nova edi\u00e7\u00e3o da Tor\u00e1"},"content":{"rendered":"<p style=\"text-align: justify;\"><img decoding=\"async\" src=\"http:\/\/www.catolicanet.com.br\/images\/stories\/noticias\/ap3190001_articolo.jpg\" border=\"0\" align=\"left\" \/>Cidade do Vaticano (RV) \u2013 O Papa recebeu em audi\u00eancia na quinta-feira (23\/02) um grupo editorial, liderado pelo rabino Abraham Skorka, que apresentou ao Pont\u00edfice uma nova edi\u00e7\u00e3o da Tor\u00e1.<\/p>\n<p style=\"text-align: justify;\">\u00a0<\/p>\n<p style=\"text-align: justify;\"><a href=\"http:\/\/media02.radiovaticana.va\/audio\/audio2\/mp3\/00571174.mp3\">Clique aqui para ouvir:<\/a><\/p>\n<p style=\"text-align: justify;\">\u00a0<\/p>\n<p style=\"text-align: justify;\"><a href=\"https:\/\/www.youtube.com\/watch?time_continue=1&#038;v=7VLqbPr7-Yo\">Clique aqui para assistir o v\u00eddeo:<\/a><\/p>\n<p style=\"text-align: justify;\">\u00a0<\/p>\n<p style=\"text-align: justify;\">\u201cEssa publica\u00e7\u00e3o \u00e9 fruto de uma \u2018alian\u00e7a\u2019 entre pessoas de diferentes nacionalidades, idades e confiss\u00f5es religiosas que souberam trabalhar juntas\u201d, disse Francisco.<\/p>\n<p>Ao citar as palavras de S\u00e3o Jo\u00e3o Paulo II que em 1990 definiu a Tor\u00e1 como sendo o \u201censinamento vivo do Deus vivente\u201d, Francisco recordou que Deus chamou Abra\u00e3o para formar um povo que \u201cse transformasse em b\u00ean\u00e7\u00e3o para todos os povos da terra\u201d.<\/p>\n<p>Uni\u00e3o<\/p>\n<p>\u201cEm meio a tantas palavras humanas que infelizmente impelem \u00e0 divis\u00e3o e \u00e0 competi\u00e7\u00e3o, estas palavras divinas de alian\u00e7a abrem a todos n\u00f3s caminhos de bem a ser percorridos juntos\u201d, sublinhou Francisco.<\/p>\n<p>Ao reiterar que o di\u00e1logo entre judeus e crist\u00e3os est\u00e1 \u201cconsolidado e \u00e9 eficaz\u201d, Francisco afirmou que a parte introdutiva e a nota do editor da nova vers\u00e3o da Tor\u00e1 \u201cdestacam este di\u00e1logo, expressando uma vis\u00e3o cultural aberta, no respeito rec\u00edproco e na paz, em sintonia com a mensagem espiritual da Tor\u00e1\u201d.<\/p>\n<p>E finalizou: \u201cToda edi\u00e7\u00e3o da Sagrada Escritura cont\u00e9m um valor espiritual que supera infinitamente aquele material\u201d.<\/p>\n<p style=\"text-align: justify;\">\u00a0<\/p>\n<p style=\"text-align: justify;\">Fonte: R\u00e1dio Vaticano<\/p>\n","protected":false},"excerpt":{"rendered":"<p>Cidade do Vaticano (RV) \u2013 O Papa recebeu em audi\u00eancia na quinta-feira (23\/02) um grupo editorial, liderado pelo rabino Abraham Skorka, que apresentou ao Pont\u00edfice uma nova edi\u00e7\u00e3o da Tor\u00e1. \u00a0 Clique aqui para ouvir: \u00a0 Clique aqui para assistir o v\u00eddeo: \u00a0 \u201cEssa publica\u00e7\u00e3o \u00e9 fruto de uma \u2018alian\u00e7a\u2019 entre pessoas de diferentes nacionalidades, [&hellip;]<\/p>\n","protected":false},"author":1,"featured_media":20732,"comment_status":"open","ping_status":"open","sticky":false,"template":"","format":"standard","meta":{"footnotes":""},"categories":[3],"tags":[],"class_list":["post-20733","post","type-post","status-publish","format-standard","has-post-thumbnail","hentry","category-vaticano"],"_links":{"self":[{"href":"https:\/\/catolicanet.net\/wp-cnet\/wp-json\/wp\/v2\/posts\/20733","targetHints":{"allow":["GET"]}}],"collection":[{"href":"https:\/\/catolicanet.net\/wp-cnet\/wp-json\/wp\/v2\/posts"}],"about":[{"href":"https:\/\/catolicanet.net\/wp-cnet\/wp-json\/wp\/v2\/types\/post"}],"author":[{"embeddable":true,"href":"https:\/\/catolicanet.net\/wp-cnet\/wp-json\/wp\/v2\/users\/1"}],"replies":[{"embeddable":true,"href":"https:\/\/catolicanet.net\/wp-cnet\/wp-json\/wp\/v2\/comments?post=20733"}],"version-history":[{"count":1,"href":"https:\/\/catolicanet.net\/wp-cnet\/wp-json\/wp\/v2\/posts\/20733\/revisions"}],"predecessor-version":[{"id":27129,"href":"https:\/\/catolicanet.net\/wp-cnet\/wp-json\/wp\/v2\/posts\/20733\/revisions\/27129"}],"wp:featuredmedia":[{"embeddable":true,"href":"https:\/\/catolicanet.net\/wp-cnet\/wp-json\/wp\/v2\/media\/20732"}],"wp:attachment":[{"href":"https:\/\/catolicanet.net\/wp-cnet\/wp-json\/wp\/v2\/media?parent=20733"}],"wp:term":[{"taxonomy":"category","embeddable":true,"href":"https:\/\/catolicanet.net\/wp-cnet\/wp-json\/wp\/v2\/categories?post=20733"},{"taxonomy":"post_tag","embeddable":true,"href":"https:\/\/catolicanet.net\/wp-cnet\/wp-json\/wp\/v2\/tags?post=20733"}],"curies":[{"name":"wp","href":"https:\/\/api.w.org\/{rel}","templated":true}]}}