{"id":20729,"date":"2017-02-23T19:27:25","date_gmt":"2017-02-23T22:27:25","guid":{"rendered":"http:\/\/catolicanet.net\/wp-cnet\/2017\/02\/23\/simposio-discute-teologia-da-missao-e-destaca-as-bem-aventurancas-do-reino\/"},"modified":"2017-05-26T11:25:33","modified_gmt":"2017-05-26T14:25:33","slug":"simposio-discute-teologia-da-missao-e-destaca-as-bem-aventurancas-do-reino","status":"publish","type":"post","link":"https:\/\/catolicanet.net\/wp-cnet\/simposio-discute-teologia-da-missao-e-destaca-as-bem-aventurancas-do-reino\/","title":{"rendered":"Simp\u00f3sio discute teologia da miss\u00e3o e destaca as Bem-aventuran\u00e7as do Reino"},"content":{"rendered":"<p style=\"text-align: justify;\"><img decoding=\"async\" src=\"http:\/\/www.catolicanet.com.br\/images\/stories\/noticias\/encontro-missilogos.jpg\" border=\"0\" align=\"left\" \/>A Igreja em sa\u00edda \u00e9 a luz que deve orientar uma nova maneira de ser, crer e evangelizar, diz a Irm\u00e3 Tea<\/p>\n<p>Termina nesta sexta-feira (24) o 6\u00ba Simp\u00f3sio de Missiologia. Cerca de 70 pessoas entre te\u00f3logos, missi\u00f3logos, pesquisadores, representantes de institui\u00e7\u00f5es mission\u00e1rias e agentes de pastoral de todo o Brasil trabalham o tema \u201c(Des)compassos de uma Igreja em sa\u00edda. Dez anos de Aparecida \u00e0 luz de uma Igreja sinodal e martirial\u201d. O evento ocorre no Centro Cultural Mission\u00e1rio (CCM), em Bras\u00edlia (DF).<\/p>\n<p>Al\u00e9m do debate missiol\u00f3gico, o grupo faz reflex\u00f5es sobre o 4\u00ba Congresso Mission\u00e1rio Nacional a ser realizado nos dias 7 a 10 de setembro de 2017, em Recife (PE), com o tema \u201cA alegria do Evangelho para uma Igreja em sa\u00edda\u201d.<\/p>\n<p> &#8220;A missiologia \u00e9 um ramo da Teologia que estuda as miss\u00f5es&#8221;<\/p>\n<p>Na ter\u00e7a-feira, 21, a mission\u00e1ria Xaveriana irm\u00e3 Tea Frigerio, do Centro de Estudos B\u00edblicos (Cebi), refletiu sobre as Bem-aventuran\u00e7as no Evangelho de Mateus. \u201cViver as Bem-aventuran\u00e7as numa Igreja em sa\u00edda\u201d \u00e9 o farol que deve orientar \u201cuma nova maneira de ser, crer e evangelizar\u201d, afirmou a religiosa ao apresentar as Bem-aventuran\u00e7as como um caminho com propostas radicais de discipulado em vista de novas rela\u00e7\u00f5es que incluem o cuidado de toda a cria\u00e7\u00e3o.<\/p>\n<p>Irm\u00e3 Tea mostrou que estas palavras ecoam na Evangelii Gaudium, na Laudato si&#8217; e em outros pronunciamentos do papa Francisco. \u201cNossa voca\u00e7\u00e3o como comunidades crist\u00e3s \u00e9 de sermos povo das Bem-aventuran\u00e7as, tendo Jesus Cristo como \u00fanica seguran\u00e7a. Somos chamados (as) a criar comunidades alternativas ao sistema de morte\u201d, destacou.<\/p>\n<p><img decoding=\"async\" src=\"http:\/\/www.catolicanet.com.br\/images\/stories\/noticias\/tea-encontro-missilogos-1.jpg\" border=\"0\" align=\"right\" \/>Ao aprofundar o Evangelho de Mateus, a conferencista mostrou as semelhan\u00e7as entre seus destinat\u00e1rios e os crist\u00e3os de hoje. No I s\u00e9culo, \u201ca \u2018Boa Not\u00edcia\u2019 enfrentava problemas muito semelhantes aos nossos: descaso com os pobres, tend\u00eancias, discord\u00e2ncias e conflitos nas nossas igrejas, lentid\u00e3o em comprometer-se com as quest\u00f5es sociais e da justi\u00e7a, e marginaliza\u00e7\u00e3o do diferente\u201d. Para viver a Boa Not\u00edcia, \u201cos disc\u00edpulos do 1\u00ba s\u00e9culo deviam proclamar um evangelho diferente do evangelho do imp\u00e9rio, isto \u00e9, o evangelho do Reino que promove a justi\u00e7a, a paz, a integridade da vida e da cria\u00e7\u00e3o\u201d, observou a religiosa.<\/p>\n<p>Em Mateus temos uma espiritualidade evang\u00e9lica baseada na met\u00e1fora da \u2018oikos\u2019 que significa \u2018casa\u2019. O caminho espiritual \u00e9 permitir que Deus estabele\u00e7a sua moradia em nossos cora\u00e7\u00f5es. Isso vai determinar nossa maneira de estar no mundo.<\/p>\n<p>A programa\u00e7\u00e3o do Simp\u00f3sio inclui exposi\u00e7\u00f5es, debates e grupos de estudo sobre o Texto-base do 4\u00ba Congresso Mission\u00e1rio Nacional. Contempla tamb\u00e9m plen\u00e1rios, testemunhos mission\u00e1rios, apresenta\u00e7\u00f5es de iniciativas e publica\u00e7\u00f5es.<\/p>\n<p>O Simp\u00f3sio \u00e9 promovido todos os anos pela Rede Ecum\u00eanica Latino Americana de Missi\u00f3logos e Missi\u00f3logas (Relami), o Centro Cultural Mission\u00e1rio de Bras\u00edlia (CCM) e as Pontif\u00edcias Obras Mission\u00e1rias (POM).<\/p>\n<p style=\"text-align: justify;\">Informa\u00e7\u00f5es e fotos da Assessoria de Imprensa das Pontif\u00edcias Obras Mission\u00e1rias<\/p>\n<p><\/p>\n<p style=\"text-align: justify;\">Fonte: CNBB<\/p>\n","protected":false},"excerpt":{"rendered":"<p>A Igreja em sa\u00edda \u00e9 a luz que deve orientar uma nova maneira de ser, crer e evangelizar, diz a Irm\u00e3 Tea Termina nesta sexta-feira (24) o 6\u00ba Simp\u00f3sio de Missiologia. Cerca de 70 pessoas entre te\u00f3logos, missi\u00f3logos, pesquisadores, representantes de institui\u00e7\u00f5es mission\u00e1rias e agentes de pastoral de todo o Brasil trabalham o tema \u201c(Des)compassos [&hellip;]<\/p>\n","protected":false},"author":1,"featured_media":20728,"comment_status":"open","ping_status":"open","sticky":false,"template":"","format":"standard","meta":{"footnotes":""},"categories":[7],"tags":[],"class_list":["post-20729","post","type-post","status-publish","format-standard","has-post-thumbnail","hentry","category-cnbb"],"_links":{"self":[{"href":"https:\/\/catolicanet.net\/wp-cnet\/wp-json\/wp\/v2\/posts\/20729","targetHints":{"allow":["GET"]}}],"collection":[{"href":"https:\/\/catolicanet.net\/wp-cnet\/wp-json\/wp\/v2\/posts"}],"about":[{"href":"https:\/\/catolicanet.net\/wp-cnet\/wp-json\/wp\/v2\/types\/post"}],"author":[{"embeddable":true,"href":"https:\/\/catolicanet.net\/wp-cnet\/wp-json\/wp\/v2\/users\/1"}],"replies":[{"embeddable":true,"href":"https:\/\/catolicanet.net\/wp-cnet\/wp-json\/wp\/v2\/comments?post=20729"}],"version-history":[{"count":1,"href":"https:\/\/catolicanet.net\/wp-cnet\/wp-json\/wp\/v2\/posts\/20729\/revisions"}],"predecessor-version":[{"id":23232,"href":"https:\/\/catolicanet.net\/wp-cnet\/wp-json\/wp\/v2\/posts\/20729\/revisions\/23232"}],"wp:featuredmedia":[{"embeddable":true,"href":"https:\/\/catolicanet.net\/wp-cnet\/wp-json\/wp\/v2\/media\/20728"}],"wp:attachment":[{"href":"https:\/\/catolicanet.net\/wp-cnet\/wp-json\/wp\/v2\/media?parent=20729"}],"wp:term":[{"taxonomy":"category","embeddable":true,"href":"https:\/\/catolicanet.net\/wp-cnet\/wp-json\/wp\/v2\/categories?post=20729"},{"taxonomy":"post_tag","embeddable":true,"href":"https:\/\/catolicanet.net\/wp-cnet\/wp-json\/wp\/v2\/tags?post=20729"}],"curies":[{"name":"wp","href":"https:\/\/api.w.org\/{rel}","templated":true}]}}