{"id":20685,"date":"2017-02-21T13:42:27","date_gmt":"2017-02-21T16:42:27","guid":{"rendered":"http:\/\/catolicanet.net\/wp-cnet\/2017\/02\/21\/papa-combater-as-desigualdades-que-obrigam-a-emigrar\/"},"modified":"2017-06-02T13:20:04","modified_gmt":"2017-06-02T16:20:04","slug":"papa-combater-as-desigualdades-que-obrigam-a-emigrar","status":"publish","type":"post","link":"https:\/\/catolicanet.net\/wp-cnet\/papa-combater-as-desigualdades-que-obrigam-a-emigrar\/","title":{"rendered":"Papa: combater as desigualdades que obrigam a emigrar"},"content":{"rendered":"<p style=\"text-align: justify;\"><img decoding=\"async\" src=\"http:\/\/www.catolicanet.com.br\/images\/stories\/noticias\/epa2357410_articolo.jpg\" border=\"0\" align=\"left\" \/>Cidade do Vaticano (RV) \u2013 Desenvolvimento e integra\u00e7\u00e3o: este \u00e9 o bin\u00f4mio proposto pelo Papa Francisco para enfrentar hoje o desafio das migra\u00e7\u00f5es. O Pont\u00edfice falou sobre este tema ao receber na manh\u00e3 de ter\u00e7a-feira, no Vaticano, os participantes do VI F\u00f3rum Internacional sobre Migra\u00e7\u00f5es e Paz, promovido pela Santa S\u00e9 nos dias 21 e 22 de fevereiro.<\/p>\n<p style=\"text-align: justify;\">\u00a0<\/p>\n<p style=\"text-align: justify;\"><a href=\"http:\/\/media02.radiovaticana.va\/audio\/audio2\/mp3\/00570865.mp3\">Clique aqui para ouvir:<\/a><\/p>\n<p style=\"text-align: justify;\">\u00a0<\/p>\n<p style=\"text-align: justify;\">Em seu discurso, Francisco parte da constata\u00e7\u00e3o de que os movimentos migrat\u00f3rios sempre caracterizaram a hist\u00f3ria humana. Na sua ess\u00eancia, migrar \u00e9 express\u00e3o intr\u00ednseca do anseio \u00e0 felicidade pr\u00f3pria de cada ser humano. Todavia, o Papa manifestou preocupa\u00e7\u00e3o pela natureza for\u00e7ada da maioria dos fluxos contempor\u00e2neos: transfer\u00eancias causadas por conflitos, desastres naturais, persegui\u00e7\u00f5es, mudan\u00e7as clim\u00e1ticas, viol\u00eancias, pobreza extrema e condi\u00e7\u00f5es de vida indignas.<\/p>\n<p>Francisco prop\u00f5e como resposta a este desafio a conjuga\u00e7\u00e3o de quatro verbos: acolher, proteger, promover e integrar.<\/p>\n<p>Acolher: o Papa pede uma mudan\u00e7a de atitude para superar a indiferen\u00e7a e a \u00edndole da rejei\u00e7\u00e3o, sentimentos muitas vezes amplificados por demagogias populistas. Para quem foge de guerras, afirma, \u00e9 preciso abrir canais humanit\u00e1rios acess\u00edveis e seguros. E o acolhimento deve ser feito de maneira respons\u00e1vel e digna, em espa\u00e7o adequados e decorosos.<\/p>\n<p>Proteger: Para Francisco, conjugar este verbo significa defender os migrantes da explora\u00e7\u00e3o, do abuso e da viol\u00eancia. Trata-se de um imperativo moral a ser traduzido adotando instrumentos jur\u00eddicos, realizando pol\u00edticas justas, aplicando programas contra os \u201ctraficantes de carne humana\u201d.<\/p>\n<p>Contudo, proteger n\u00e3o basta: \u00e9 preciso promover o desenvolvimento humano integral dos migrantes. Esta promo\u00e7\u00e3o, defende o Papa, deve come\u00e7ar a partir das comunidades de origem, ou seja: com o direito de poder emigrar, deve ser garantido o direito a n\u00e3o ter que emigrar. Isto \u00e9, o direito de encontrar na pr\u00f3pria p\u00e1tria condi\u00e7\u00f5es que permitam uma digna realiza\u00e7\u00e3o da exist\u00eancia.<\/p>\n<p>Uma vez emigrado, deve-se proceder a integrar os indiv\u00edduos. Um processo bidirecional que se fundamenta no reconhecimento m\u00fatuo da riqueza cultural do outro, s\u00f3 assim se podem evitar os novos \u201cguetos\u201d. Para isso, s\u00e3o necess\u00e1rios programas espec\u00edficos que favore\u00e7am o encontro significativo com o outro e o migrante n\u00e3o pode se fechar \u00e0 nova cultura que o hospeda, respeitando leis e tradi\u00e7\u00f5es.<\/p>\n<p>\u201cCreio que conjugar esses quatro verbos, na primeira pessoa do singular e na primeira pessoa do plural, represente hoje um dever \u2013 um dever para com os irm\u00e3os e irm\u00e3s que, por v\u00e1rias raz\u00f5es, s\u00e3o for\u00e7ados a deixar o pr\u00f3prio local de origem\u201d, disse Francisco. Este dever, acrescentou ele, \u00e9 tr\u00edplice: dever de justi\u00e7a, dever de civilidade e dever de solidariedade.<\/p>\n<p>As desigualdades econ\u00f4micas n\u00e3o s\u00e3o mais conceb\u00edveis, frisou o Papa. \u201cUm pequeno grupo de indiv\u00edduos n\u00e3o pode mais controlar os recursos de quase todo o mundo. Pessoas e povos inteiros n\u00e3o podem viver somente de migalhas\u201d, disse Francisco, afirmando que ningu\u00e9m pode se sentir dispensado dos imperativos morais que derivam da corresponsabilidade na gest\u00e3o do planeta.<\/p>\n<p>\u201cFazer justi\u00e7a significa tamb\u00e9m reconciliar a hist\u00f3ria com o presente globalizado, sem perpetuar l\u00f3gicas de explora\u00e7\u00e3o de pessoas e territ\u00f3rios\u201d, afirmou o Papa, citando o processo de descoloniza\u00e7\u00e3o e novas formas de colonialismo que ainda devem ser reparados.<\/p>\n<p>O dever de civilidade inclui a fraternidade como o modo mais civil de se relacionar com o outro, j\u00e1 o dever de solidariedade \u00e9 a capacidade de compreender as necessidades do irm\u00e3o e da irm\u00e3 que migram e, assim, combater a cultura do descarte.<\/p>\n<p>Todos esses elementos, indicou por fim o Pont\u00edfice, requerem uma mudan\u00e7a de atitude da parte de todos; deixar a defesa, medo, o desinteresse e a marginaliza\u00e7\u00e3o de lado e se abrir para a cultura do encontro, \u201ca \u00fanica capaz de construir um mundo mais justo e fraterno, um mundo melhor\u201d.<\/p>\n<p>Francisco concluiu seu articulado discurso com um pensamento especial ao grupo mais vulner\u00e1vel dos migrantes:<\/p>\n<p>\u201cRefiro-me \u00e0s crian\u00e7as e adolescentes que s\u00e3o for\u00e7ados a viver longe de suas terras de origem e separados dos afetos familiares.\u201d<\/p>\n<p style=\"text-align: justify;\">\u00a0<\/p>\n<p style=\"text-align: justify;\">Fonte: R\u00e1dio Vaticano<\/p>\n","protected":false},"excerpt":{"rendered":"<p>Cidade do Vaticano (RV) \u2013 Desenvolvimento e integra\u00e7\u00e3o: este \u00e9 o bin\u00f4mio proposto pelo Papa Francisco para enfrentar hoje o desafio das migra\u00e7\u00f5es. O Pont\u00edfice falou sobre este tema ao receber na manh\u00e3 de ter\u00e7a-feira, no Vaticano, os participantes do VI F\u00f3rum Internacional sobre Migra\u00e7\u00f5es e Paz, promovido pela Santa S\u00e9 nos dias 21 e [&hellip;]<\/p>\n","protected":false},"author":1,"featured_media":20684,"comment_status":"open","ping_status":"open","sticky":false,"template":"","format":"standard","meta":{"footnotes":""},"categories":[3],"tags":[],"class_list":["post-20685","post","type-post","status-publish","format-standard","has-post-thumbnail","hentry","category-vaticano"],"_links":{"self":[{"href":"https:\/\/catolicanet.net\/wp-cnet\/wp-json\/wp\/v2\/posts\/20685","targetHints":{"allow":["GET"]}}],"collection":[{"href":"https:\/\/catolicanet.net\/wp-cnet\/wp-json\/wp\/v2\/posts"}],"about":[{"href":"https:\/\/catolicanet.net\/wp-cnet\/wp-json\/wp\/v2\/types\/post"}],"author":[{"embeddable":true,"href":"https:\/\/catolicanet.net\/wp-cnet\/wp-json\/wp\/v2\/users\/1"}],"replies":[{"embeddable":true,"href":"https:\/\/catolicanet.net\/wp-cnet\/wp-json\/wp\/v2\/comments?post=20685"}],"version-history":[{"count":1,"href":"https:\/\/catolicanet.net\/wp-cnet\/wp-json\/wp\/v2\/posts\/20685\/revisions"}],"predecessor-version":[{"id":27137,"href":"https:\/\/catolicanet.net\/wp-cnet\/wp-json\/wp\/v2\/posts\/20685\/revisions\/27137"}],"wp:featuredmedia":[{"embeddable":true,"href":"https:\/\/catolicanet.net\/wp-cnet\/wp-json\/wp\/v2\/media\/20684"}],"wp:attachment":[{"href":"https:\/\/catolicanet.net\/wp-cnet\/wp-json\/wp\/v2\/media?parent=20685"}],"wp:term":[{"taxonomy":"category","embeddable":true,"href":"https:\/\/catolicanet.net\/wp-cnet\/wp-json\/wp\/v2\/categories?post=20685"},{"taxonomy":"post_tag","embeddable":true,"href":"https:\/\/catolicanet.net\/wp-cnet\/wp-json\/wp\/v2\/tags?post=20685"}],"curies":[{"name":"wp","href":"https:\/\/api.w.org\/{rel}","templated":true}]}}