{"id":20667,"date":"2017-02-25T03:00:00","date_gmt":"2017-02-25T06:00:00","guid":{"rendered":"http:\/\/catolicanet.net\/wp-cnet\/2017\/02\/25\/confianca-em-deus\/"},"modified":"2017-05-05T09:34:23","modified_gmt":"2017-05-05T12:34:23","slug":"confianca-em-deus","status":"publish","type":"post","link":"https:\/\/catolicanet.net\/wp-cnet\/confianca-em-deus\/","title":{"rendered":"Confian\u00e7a em Deus"},"content":{"rendered":"<p style=\"text-align: justify;\">Estamos concluindo esta etapa do Tempo Comum, celebrando o VIII Domingo deste tempo, que s\u00f3 retornar\u00e1 ap\u00f3s a Solenidade de Pentecostes. A Palavra de Deus em Is. 49, 14-15 tem a express\u00e3o mais profunda e eloquente da ternura maternal de Deus e de Seu amor ao povo eleito e ao homem. A m\u00e3e n\u00e3o ama seu filho porque ele \u00e9 bom, mas porque \u00e9 seu filho. Deus \u00e9 comparado a uma m\u00e3e carinhosa, que n\u00e3o esquece de seu filhinho: \u201cPoder\u00e1 uma m\u00e3e esquecer de seu filhinho, e n\u00e3o amar o fruto do seu ventre? Mesmo se houvesse alguma mulher capaz de esquec\u00ea-lo, Eu n\u00e3o te esqueceria jamais\u201d (Is 49, 14-15).<br \/> Vemos S\u00e3o Paulo nos falar na Segunda Leitura desse domingo (1Cor 4,1-5): ele n\u00e3o quer ser outra coisa que um simples servidor de Cristo. Ora, porque ama o seu Senhor, porque deseja somente servi-Lo, \u00e9 livre em rela\u00e7\u00e3o a si pr\u00f3prio e em rela\u00e7\u00e3o aos outros: \u201cQuem me julga \u00e9 o Senhor\u201d! Quanta liberdade, quanta serenidade, quanta felicidade para quem vive assim!<br \/> Hoje, o Senhor Jesus nos dirige no Evangelho (cf. Mt 6,24-34), palavras, sem d\u00favida, bel\u00edssimas; palavras tantas vezes ouvidas e repetidas. S\u00e3o palavras reais, dignas de serem levadas a s\u00e9rio no concreto do mundo, na crueza da dura e inclemente realidade? A quest\u00e3o \u00e9 important\u00edssima, porque se as palavras do nosso Divino Mestre forem belas, mas irreais, po\u00e9ticas, mas in\u00fateis, ent\u00e3o, o Evangelho n\u00e3o nos serve de luz, e caminho, de crit\u00e9rio para a vida! Palavras belas que n\u00e3o tenham consist\u00eancia real seriam palavras in\u00fateis e mentirosas, como tantas que escutamos nos dias atuais, t\u00e3o fartos de comunica\u00e7\u00e3o! Ora, longe do Senhor Nosso a mentira, longe do nosso Salvador a inutilidade do dizer! Pelo contr\u00e1rio, Ele mesmo avisa: \u201cSereis julgados por cada palavra in\u00fatil que disserdes!\u201d (Mt 12,36).<br \/> O Senhor nos quer exortar, car\u00edssimos, fazendo-nos compreender que o disc\u00edpulo Seu, o crist\u00e3o, deve ter como op\u00e7\u00e3o fundamental da vida, como eixo da exist\u00eancia unicamente o Reinado de Deus: \u201cBuscai em primeiro lugar o Reino de Deus e a sua justi\u00e7a, e todas essas coisas vos ser\u00e3o dadas por acr\u00e9scimo\u201d! Procurai que o Pai do c\u00e9u seja o vosso tudo, deixai que o Senhor Deus seja o alicerce, o eixo, o indicador do vosso caminho na vida! E a\u00ed, tudo o mais vai se tornando relativo, tudo o mais vai sendo encarado e vivenciado com liberdade, com serenidade, com sabedoria! O Senhor nos pede que deixemos Deus ser Deus na nossa vida e na vida do mundo; todo o resto deve ser avaliado e vivenciado a partir da\u00ed. \u00c9 a partir desta realidade, deste modo de viver, que nossa vida se arruma, nosso cora\u00e7\u00e3o se aquieta e tudo quanto nos acontece toma um novo sentido! Somente poderemos compreender a nossa realidade e as realidades do mundo se estivermos firmes na verdadeira Realidade, que \u00e9 Deus!<br \/> O Senhor d\u00e1-nos este conselho: \u201cN\u00e3o vos preocupeis com o dia de amanh\u00e3, pois o dia de amanh\u00e3 ter\u00e1 suas preocupa\u00e7\u00f5es! Para cada dia bastam seus pr\u00f3prios problemas\u201d (Mt 6, 34). \u201cE porque ficais preocupados com a roupa?\u201d (Mt 6, 28). Jesus n\u00e3o diz que n\u00e3o nos ocupemos das coisas que se referem ao alimento e ao vestu\u00e1rio, mas que n\u00e3o nos preocupemos com desassossego e perturba\u00e7\u00e3o dessas coisas. \u00c9 como se dissesse: \u201cN\u00e3o vos preocupeis excessivamente com os bens materiais, ainda que necess\u00e1rios \u00e0 vida; n\u00e3o estais sobre a terra para aqui viverdes imersos em pensamentos de coisas materiais, sois filhos de Deus, bem superiores \u00e0s flores do campo e \u00e0s aves do c\u00e9u. Deus pensar\u00e1 em v\u00f3s, mais do que pensa nas outras criaturas e vos dar\u00e1 o necess\u00e1rio\u201d.<br \/> \u201cPara cada dia bastam seus pr\u00f3prios problemas\u201d. O ontem j\u00e1 passou; o amanh\u00e3 n\u00e3o sabemos se chegar\u00e1 para cada um de n\u00f3s, pois a ningu\u00e9m foi entregue o seu porvir. Do dia de ontem, s\u00f3 ficaram muitos motivos de a\u00e7\u00e3o de gra\u00e7as pelos in\u00fameros benef\u00edcios e ajudas de Deus, bem como daqueles que convivem conosco. Com certeza pudemos aumentar, nem que fosse um pouco, o nosso tesouro no C\u00e9u. Podemos dizer do dia de ontem, com palavras do salmista: \u201cO Senhor tornou-se o meu apoio, libertou-me da ang\u00fastia e salvou-me porque me ama\u201d. (Sl 17, 19-20)<br \/> Portanto, acolhamos de cora\u00e7\u00e3o aberto e bem o dia que estamos vivendo! Todos os dias da nossa vida est\u00e3o presididos por Deus, que tanto nos quer. E s\u00f3 temos capacidade para viver o presente! Agora que estamos \u00e0s portas do novo tempo, a Quaresma, que seja a oportunidade de uma grande renova\u00e7\u00e3o de nossa vida crist\u00e3.<\/p>\n","protected":false},"excerpt":{"rendered":"<p>Estamos concluindo esta etapa do Tempo Comum, celebrando o VIII Domingo deste tempo, que s\u00f3 retornar\u00e1 ap\u00f3s a Solenidade de Pentecostes. A Palavra de Deus em Is. 49, 14-15 tem a express\u00e3o mais profunda e eloquente da ternura maternal de Deus e de Seu amor ao povo eleito e ao homem. A m\u00e3e n\u00e3o ama [&hellip;]<\/p>\n","protected":false},"author":5,"featured_media":0,"comment_status":"open","ping_status":"open","sticky":false,"template":"","format":"standard","meta":{"footnotes":""},"categories":[9],"tags":[],"class_list":["post-20667","post","type-post","status-publish","format-standard","hentry","category-artigos"],"_links":{"self":[{"href":"https:\/\/catolicanet.net\/wp-cnet\/wp-json\/wp\/v2\/posts\/20667","targetHints":{"allow":["GET"]}}],"collection":[{"href":"https:\/\/catolicanet.net\/wp-cnet\/wp-json\/wp\/v2\/posts"}],"about":[{"href":"https:\/\/catolicanet.net\/wp-cnet\/wp-json\/wp\/v2\/types\/post"}],"author":[{"embeddable":true,"href":"https:\/\/catolicanet.net\/wp-cnet\/wp-json\/wp\/v2\/users\/5"}],"replies":[{"embeddable":true,"href":"https:\/\/catolicanet.net\/wp-cnet\/wp-json\/wp\/v2\/comments?post=20667"}],"version-history":[{"count":1,"href":"https:\/\/catolicanet.net\/wp-cnet\/wp-json\/wp\/v2\/posts\/20667\/revisions"}],"predecessor-version":[{"id":21012,"href":"https:\/\/catolicanet.net\/wp-cnet\/wp-json\/wp\/v2\/posts\/20667\/revisions\/21012"}],"wp:attachment":[{"href":"https:\/\/catolicanet.net\/wp-cnet\/wp-json\/wp\/v2\/media?parent=20667"}],"wp:term":[{"taxonomy":"category","embeddable":true,"href":"https:\/\/catolicanet.net\/wp-cnet\/wp-json\/wp\/v2\/categories?post=20667"},{"taxonomy":"post_tag","embeddable":true,"href":"https:\/\/catolicanet.net\/wp-cnet\/wp-json\/wp\/v2\/tags?post=20667"}],"curies":[{"name":"wp","href":"https:\/\/api.w.org\/{rel}","templated":true}]}}