{"id":20655,"date":"2017-02-17T17:17:23","date_gmt":"2017-02-17T19:17:23","guid":{"rendered":"http:\/\/catolicanet.net\/wp-cnet\/2017\/02\/17\/card-maradiaga-reformas-da-curia-nao-se-veem-porque-nao-fazem-barulho\/"},"modified":"2017-06-02T09:58:22","modified_gmt":"2017-06-02T12:58:22","slug":"card-maradiaga-reformas-da-curia-nao-se-veem-porque-nao-fazem-barulho","status":"publish","type":"post","link":"https:\/\/catolicanet.net\/wp-cnet\/card-maradiaga-reformas-da-curia-nao-se-veem-porque-nao-fazem-barulho\/","title":{"rendered":"Card. Maradiaga: reformas da C\u00faria n\u00e3o se veem porque n\u00e3o fazem barulho"},"content":{"rendered":"<p style=\"text-align: justify;\"><img decoding=\"async\" src=\"http:\/\/www.catolicanet.com.br\/images\/stories\/noticias\/ansa527785_articolo.jpg\" border=\"0\" align=\"left\" \/>Cidade do Vaticano (RV) &#8211; Reforma da C\u00faria romana. \u201cJ\u00e1 fizemos dezoito reformas. Por vezes nos perguntam \u2018o que faz esse Conselho de cardeais? N\u00e3o vemos resultados\u2019. Ao inv\u00e9s, h\u00e1 resultados, mas n\u00e3o s\u00e3o vistos porque n\u00e3o fazem barulho. No discurso de Natal do ano passado \u00e0 C\u00faria romana o Papa Francisco os elencou justamente para mostrar que se est\u00e1 caminhando.\u201d<\/p>\n<p>\u00c9 o que afirma o arcebispo de Tegucigalpa, Cardeal \u00d3scar Andr\u00e9s Rodr\u00edguez Maradiaga, tamb\u00e9m coordenador do Conselho de 9 cardeais (C9) institu\u00eddo pelo Papa Francisco, numa entrevista publicada pelo seman\u00e1rio da Igreja em Turim \u2013 noroeste da It\u00e1lia \u2013 \u201cA Voz e o Tempo\u201d.<\/p>\n<p>O purpurado hondurenho conta como nasceu o C9 e o trabalho de Reforma da C\u00faria realizado nestes anos. \u201cEntre as quest\u00f5es enfrentadas, um n\u00famero excessivo de dicast\u00e9rios\u201d, diante do qual \u201cse fez um agrupamento de alguns conselhos em dicast\u00e9rios, n\u00e3o para dar mais import\u00e2ncia a alguns, mas para simplificar a burocracia e trabalhar com mais agilidade. N\u00e3o para centralizar, mas para enxugar\u201d, ressalta o Cardeal Maradiaga.<\/p>\n<p>Para o coordenador do C9, \u201cquando as reformas forem feitas\u201d sair\u00e1 a nova constitui\u00e7\u00e3o sobre o governo da Igreja: \u201cn\u00e3o ser\u00e1 o in\u00edcio, mas o fim de um processo\u201d, assegura o purpurado, para o qual \u201co Conselho continuar\u00e1 porque n\u00e3o foi constitu\u00eddo somente para reformar a \u2018Pastor bonus\u2019, mas para oferecer conselhos quando o Santo Padre solicitar\u201d.<\/p>\n<p>Em seguida, o cardeal hondurenho ressalta que \u201cquando o Papa Francisco fala de \u2018Igreja em sa\u00edda\u2019 nos diz que n\u00e3o devemos limitar-nos a nossas c\u00farias, a nossas resid\u00eancias clericais, mas ir ao encontro daqueles que se distanciaram ou daqueles que jamais encontramos porque ningu\u00e9m nunca lhes falou de Deus\u201d.<\/p>\n<p>Trata-se de difundir \u201caquela alegria do Evangelho\u201d apresentada na \u201cEvangelii gaudium\u201d, que \u201cresume o estilo sul-americano do Papa Francisco: a alegria\u201d.<\/p>\n<p>Referindo-se ao pr\u00f3ximo S\u00ednodo sobre os jovens, o purpurado evidencia que \u201cdevemos preparar-nos bem, ouvindo tamb\u00e9m aqueles jovens que n\u00e3o v\u00e3o \u00e0 igreja, os marginalizados por causa da droga, devemos atra\u00ed-los a Deus\u201d.<\/p>\n<p>Assim \u201ccomo fez Dom Bosco e como nos repete o Papa Francisco, olhando para uma Igreja que caminha com eles, aberta \u00e0 mudan\u00e7a, em sa\u00edda para fazer-se pr\u00f3xima de cada um\u201d, conclui o Cardeal Maradiaga.<\/p>\n<p style=\"text-align: justify;\">\u00a0<\/p>\n<p style=\"text-align: justify;\">Fonte: R\u00e1dio Vaticano<\/p>\n","protected":false},"excerpt":{"rendered":"<p>Cidade do Vaticano (RV) &#8211; Reforma da C\u00faria romana. \u201cJ\u00e1 fizemos dezoito reformas. Por vezes nos perguntam \u2018o que faz esse Conselho de cardeais? N\u00e3o vemos resultados\u2019. Ao inv\u00e9s, h\u00e1 resultados, mas n\u00e3o s\u00e3o vistos porque n\u00e3o fazem barulho. No discurso de Natal do ano passado \u00e0 C\u00faria romana o Papa Francisco os elencou justamente [&hellip;]<\/p>\n","protected":false},"author":1,"featured_media":19965,"comment_status":"open","ping_status":"open","sticky":false,"template":"","format":"standard","meta":{"footnotes":""},"categories":[3],"tags":[],"class_list":["post-20655","post","type-post","status-publish","format-standard","has-post-thumbnail","hentry","category-vaticano"],"_links":{"self":[{"href":"https:\/\/catolicanet.net\/wp-cnet\/wp-json\/wp\/v2\/posts\/20655","targetHints":{"allow":["GET"]}}],"collection":[{"href":"https:\/\/catolicanet.net\/wp-cnet\/wp-json\/wp\/v2\/posts"}],"about":[{"href":"https:\/\/catolicanet.net\/wp-cnet\/wp-json\/wp\/v2\/types\/post"}],"author":[{"embeddable":true,"href":"https:\/\/catolicanet.net\/wp-cnet\/wp-json\/wp\/v2\/users\/1"}],"replies":[{"embeddable":true,"href":"https:\/\/catolicanet.net\/wp-cnet\/wp-json\/wp\/v2\/comments?post=20655"}],"version-history":[{"count":1,"href":"https:\/\/catolicanet.net\/wp-cnet\/wp-json\/wp\/v2\/posts\/20655\/revisions"}],"predecessor-version":[{"id":27141,"href":"https:\/\/catolicanet.net\/wp-cnet\/wp-json\/wp\/v2\/posts\/20655\/revisions\/27141"}],"wp:featuredmedia":[{"embeddable":true,"href":"https:\/\/catolicanet.net\/wp-cnet\/wp-json\/wp\/v2\/media\/19965"}],"wp:attachment":[{"href":"https:\/\/catolicanet.net\/wp-cnet\/wp-json\/wp\/v2\/media?parent=20655"}],"wp:term":[{"taxonomy":"category","embeddable":true,"href":"https:\/\/catolicanet.net\/wp-cnet\/wp-json\/wp\/v2\/categories?post=20655"},{"taxonomy":"post_tag","embeddable":true,"href":"https:\/\/catolicanet.net\/wp-cnet\/wp-json\/wp\/v2\/tags?post=20655"}],"curies":[{"name":"wp","href":"https:\/\/api.w.org\/{rel}","templated":true}]}}