{"id":20646,"date":"2017-02-17T11:56:12","date_gmt":"2017-02-17T13:56:12","guid":{"rendered":"http:\/\/catolicanet.net\/wp-cnet\/2017\/02\/17\/curso-de-formacao-da-pastoral-da-sobriedade-e-oferecido-em-colatina\/"},"modified":"2017-05-26T11:36:24","modified_gmt":"2017-05-26T14:36:24","slug":"curso-de-formacao-da-pastoral-da-sobriedade-e-oferecido-em-colatina","status":"publish","type":"post","link":"https:\/\/catolicanet.net\/wp-cnet\/curso-de-formacao-da-pastoral-da-sobriedade-e-oferecido-em-colatina\/","title":{"rendered":"Curso de forma\u00e7\u00e3o da Pastoral da Sobriedade \u00e9 oferecido em Colatina"},"content":{"rendered":"<p style=\"text-align: justify;\"><img decoding=\"async\" src=\"http:\/\/www.catolicanet.com.br\/images\/stories\/noticias\/pastoral-da-sobriedade.jpg\" border=\"0\" align=\"left\" \/>Objetivo \u00e9 munir agentes de conhecimento para cria\u00e7\u00e3o e manuten\u00e7\u00e3o de grupos paroquiais<\/p>\n<p>A diocese de Colatina ir\u00e1 promover, nos dias 4 e 5 de mar\u00e7o, a primeira etapa do curso de forma\u00e7\u00e3o para agentes da Pastoral da Sobriedade. O objetivo \u00e9 munir os agentes de conhecimento para a cria\u00e7\u00e3o e manuten\u00e7\u00e3o de Grupos de Autoajuda nas par\u00f3quias.<\/p>\n<p>Nesta primeira etapa, s\u00e3o convidadas a participar as pessoas que desejam trabalhar na Pastoral da Sobriedade e os agentes que j\u00e1 integram a pastoral, mas ainda n\u00e3o fizeram a forma\u00e7\u00e3o. A expectativa dos organizadores \u00e9 reunir, pelo menos, 100 pessoas de todas as par\u00f3quias da diocese.<\/p>\n<p>Segundo a Pastoral, a segunda etapa da forma\u00e7\u00e3o \u00e9 uma continua\u00e7\u00e3o da primeira e todos os agentes da Pastoral da Sobriedade que atuam na diocese de Colatina s\u00e3o chamados a comparecer. O curso \u00e9 reconhecido e aprovado pelo regional Leste 2 da Confer\u00eancia Nacional dos Bispos do Brasil (CNBB).<\/p>\n<p>A forma\u00e7\u00e3o acontece no Instituto Esp\u00edrito Santo de Inova\u00e7\u00e3o Social (Iesis), em Ibira\u00e7u (ES). As inscri\u00e7\u00f5es podem ser feitas at\u00e9 o pr\u00f3ximo dia 26 de fevereiro com a coordena\u00e7\u00e3o das \u00e1reas pastorais.<\/p>\n<p style=\"text-align: justify;\">Com informa\u00e7\u00f5es e imagem da diocese de Colatina (ES)<\/p>\n<p style=\"text-align: justify;\">\u00a0<\/p>\n<p style=\"text-align: justify;\">Fonte: CNBB<\/p>\n","protected":false},"excerpt":{"rendered":"<p>Objetivo \u00e9 munir agentes de conhecimento para cria\u00e7\u00e3o e manuten\u00e7\u00e3o de grupos paroquiais A diocese de Colatina ir\u00e1 promover, nos dias 4 e 5 de mar\u00e7o, a primeira etapa do curso de forma\u00e7\u00e3o para agentes da Pastoral da Sobriedade. O objetivo \u00e9 munir os agentes de conhecimento para a cria\u00e7\u00e3o e manuten\u00e7\u00e3o de Grupos de [&hellip;]<\/p>\n","protected":false},"author":1,"featured_media":20645,"comment_status":"open","ping_status":"open","sticky":false,"template":"","format":"standard","meta":{"footnotes":""},"categories":[7],"tags":[],"class_list":["post-20646","post","type-post","status-publish","format-standard","has-post-thumbnail","hentry","category-cnbb"],"_links":{"self":[{"href":"https:\/\/catolicanet.net\/wp-cnet\/wp-json\/wp\/v2\/posts\/20646","targetHints":{"allow":["GET"]}}],"collection":[{"href":"https:\/\/catolicanet.net\/wp-cnet\/wp-json\/wp\/v2\/posts"}],"about":[{"href":"https:\/\/catolicanet.net\/wp-cnet\/wp-json\/wp\/v2\/types\/post"}],"author":[{"embeddable":true,"href":"https:\/\/catolicanet.net\/wp-cnet\/wp-json\/wp\/v2\/users\/1"}],"replies":[{"embeddable":true,"href":"https:\/\/catolicanet.net\/wp-cnet\/wp-json\/wp\/v2\/comments?post=20646"}],"version-history":[{"count":1,"href":"https:\/\/catolicanet.net\/wp-cnet\/wp-json\/wp\/v2\/posts\/20646\/revisions"}],"predecessor-version":[{"id":23242,"href":"https:\/\/catolicanet.net\/wp-cnet\/wp-json\/wp\/v2\/posts\/20646\/revisions\/23242"}],"wp:featuredmedia":[{"embeddable":true,"href":"https:\/\/catolicanet.net\/wp-cnet\/wp-json\/wp\/v2\/media\/20645"}],"wp:attachment":[{"href":"https:\/\/catolicanet.net\/wp-cnet\/wp-json\/wp\/v2\/media?parent=20646"}],"wp:term":[{"taxonomy":"category","embeddable":true,"href":"https:\/\/catolicanet.net\/wp-cnet\/wp-json\/wp\/v2\/categories?post=20646"},{"taxonomy":"post_tag","embeddable":true,"href":"https:\/\/catolicanet.net\/wp-cnet\/wp-json\/wp\/v2\/tags?post=20646"}],"curies":[{"name":"wp","href":"https:\/\/api.w.org\/{rel}","templated":true}]}}