{"id":20628,"date":"2017-02-16T17:06:36","date_gmt":"2017-02-16T19:06:36","guid":{"rendered":"http:\/\/catolicanet.net\/wp-cnet\/2017\/02\/16\/vaticano-o-cardeal-filoni-no-seminario-de-estudos-sobre-leigos-e-missao-quando-uma-pessoa-se-sente-amada-se-abre-ao-evangelho\/"},"modified":"2017-05-30T16:15:59","modified_gmt":"2017-05-30T19:15:59","slug":"vaticano-o-cardeal-filoni-no-seminario-de-estudos-sobre-leigos-e-missao-quando-uma-pessoa-se-sente-amada-se-abre-ao-evangelho","status":"publish","type":"post","link":"https:\/\/catolicanet.net\/wp-cnet\/vaticano-o-cardeal-filoni-no-seminario-de-estudos-sobre-leigos-e-missao-quando-uma-pessoa-se-sente-amada-se-abre-ao-evangelho\/","title":{"rendered":"VATICANO &#8211; O Cardeal Filoni no semin\u00e1rio de estudos sobre Leigos e Miss\u00e3o. \u201cQuando uma pessoa se sente amada, se abre ao Evangelho\u201d"},"content":{"rendered":"<p style=\"text-align: justify;\"><img decoding=\"async\" src=\"http:\/\/www.catolicanet.com.br\/images\/stories\/noticias\/primopiano_3410.jpg\" border=\"0\" align=\"left\" \/>Cidade do Vaticano (Ag\u00eancia Fides) \u2013 Est\u00e1 em andamento em Roma o semin\u00e1rio de estudos \u201cLeigos e miss\u00e3o\u201d, organizado pela Secretaria Internacional da Pontif\u00edcia Uni\u00e3o Mission\u00e1ria (PUM) e pelo Centro Internacional de Anima\u00e7\u00e3o Mission\u00e1ria (CIAM), com a colabora\u00e7\u00e3o dos Diretores Nacionais das Pontif\u00edcias Obras Mission\u00e1rias na Espanha, Col\u00f4mbia, Bol\u00edvia, Chile, Argentina e Uruguai. Participam do semin\u00e1rio, na sede do CIAM, 18 congressistas provenientes da Espanha e dos pa\u00edses latino-americanos citados.<br \/>No primeiro dia do semin\u00e1rio, segunda-feira, 13, Pe. Fabrizio Meroni, Secret\u00e1rio-geral da PUM e Diretor do CIAM, abriu os trabalhos com uma palestra repleta de \u2018provoca\u00e7\u00f5es\u2019 e questionamentos, com o objetivo de estimular o debate. Depois, o Dr. Guzm\u00e1n Carriquiry, Vice-Presidente da Pontif\u00edcia Comiss\u00e3o para a Am\u00e9rica Latina, desenvolveu uma rica e profunda reflex\u00e3o sobre o tema do semin\u00e1rio a partir da carta enviada pelo Papa Francisco ao Cardeal presidente da comiss\u00e3o, em 19 de mar\u00e7o de 2016. Naquela carta, o Papa evoca tra\u00e7os conotativos substanciais da identidade e da miss\u00e3o dos membros do &#8220;santo povo fiel de Deus&#8221;. \u00c0 tarde, o te\u00f3logo espanhol Pe. Eloy Ebbene ofereceu uma reflex\u00e3o sobre o quadro teol\u00f3gico-eclesial a se desenvolver durante o semin\u00e1rio. As palestras foram seguidas por interessantes trocas de opini\u00e3o e acr\u00e9scimos. O primeiro dia de trabalhos se encerrou com a celebra\u00e7\u00e3o eucar\u00edstica.<br \/>A ter\u00e7a-feira, 14 de fevereiro, segundo dia de conviv\u00eancia e de reflex\u00e3o, se iniciou com a celebra\u00e7\u00e3o eucar\u00edstica presidida por Dom Eugenio Scarpellini, bispo da diocese de Alto (Bol\u00edvia) e diretor nacional das Pontif\u00edcias Obras Mission\u00e1rias daquele pa\u00eds latino-americano. O bispo Scalpellini, \u00e0 luz da liturgia do dia, abordou alguns temas nos quais o trabalho continental de reflex\u00e3o e prepara\u00e7\u00e3o ao Congresso Mission\u00e1rio Americano, programado para julho de 2018 na Bol\u00edvia, pode se centrar.<br \/>Antes de come\u00e7ar os trabalhos programados para o segundo dia, os participantes receberam com satisfa\u00e7\u00e3o a visita do Cardeal Fernando Filoni, Prefeito da Congrega\u00e7\u00e3o para a Evangeliza\u00e7\u00e3o dos Povos. Longe de ser apenas uma visita de protocolo, o Cardeal demonstrou interesse real pelo tema central do semin\u00e1rio e depois de agradecer o compromisso e o envolvimento de todos os participantes, prop\u00f4s algumas considera\u00e7\u00f5es importantes. O Prefeito da Congrega\u00e7\u00e3o de Propaganda Fide observou que sobretudo depois do Conc\u00edlio Vaticano II, o conceito de missionariedade deve ser visto em chave claramente din\u00e2mica, deixando de lado a concep\u00e7\u00e3o territorial da miss\u00e3o. Ele ainda advertiu que a fecundidade mission\u00e1ria pode ser atuada somente se for colhida a rela\u00e7\u00e3o intr\u00ednseca entre os conceitos miss\u00e3o-igreja-leigos.<br \/>O Cardeal Filoni reconheceu que a figura do mission\u00e1rio leigo \u00e9 nova, pois durante muito tempo, a miss\u00e3o foi interpretada como um dever exclusivo dos consagrados e religiosos. Em seguida, questionou: \u201cQuem \u00e9 o mission\u00e1rio?\u201d E respondeu: o mission\u00e1rio \u00e9 o batizado; a miss\u00e3o \u00e9 de todos, seja no sentido de primeira como de \u2018nova\u2019 evangeliza\u00e7\u00e3o. Ao mesmo tempo, o Cardeal destacou a necessidade de manter em mente a dimens\u00e3o antropol\u00f3gica crist\u00e3 em que os homens e as mulheres, como seres diversos e complementares, s\u00e3o uma real oportunidade e riqueza para a miss\u00e3o evangelizadora, porque a sensibilidade e as caracter\u00edsticas pr\u00f3prias da masculinidade e feminilidade configuram verdadeiras experi\u00eancias de miss\u00e3o. O cardeal tamb\u00e9m encorajou a levar em considera\u00e7\u00e3o o papel mission\u00e1rio das crian\u00e7as e dos jovens, notando que em cada uma destas fases da vida, os crist\u00e3os t\u00eam compet\u00eancias e oportunidades para desenvolver a pr\u00f3pria miss\u00e3o.<br \/>Depois de acenar ao seu conhecimento direto das experi\u00eancias mission\u00e1rias nos territ\u00f3rios de miss\u00e3o na Am\u00e9rica, o Cardeal-Prefeito do Dicast\u00e9rio mission\u00e1rio concluiu sua visita com duas afirma\u00e7\u00f5es no esp\u00edrito do Magist\u00e9rio do Papa Francisco: \u201cDevemos reconhecer que na periferia da vida est\u00e1 o cora\u00e7\u00e3o mission\u00e1rio da Igreja, e n\u00e3o esquecer que quando as pessoas se sentem amadas, abrem seu cora\u00e7\u00e3o ao Evangelho\u201d.<br \/>O semin\u00e1rio se realiza na sede do CIAM e se conclui s\u00e1bado, 18 de fevereiro.<br \/>Pe. Leonardo Rodriguez, diretor nacional das POM no Uruguai.<\/p>\n<p style=\"text-align: justify;\">\u00a0<\/p>\n<p style=\"text-align: justify;\">Fonte: Ag\u00eancia Fides<\/p>\n","protected":false},"excerpt":{"rendered":"<p>Cidade do Vaticano (Ag\u00eancia Fides) \u2013 Est\u00e1 em andamento em Roma o semin\u00e1rio de estudos \u201cLeigos e miss\u00e3o\u201d, organizado pela Secretaria Internacional da Pontif\u00edcia Uni\u00e3o Mission\u00e1ria (PUM) e pelo Centro Internacional de Anima\u00e7\u00e3o Mission\u00e1ria (CIAM), com a colabora\u00e7\u00e3o dos Diretores Nacionais das Pontif\u00edcias Obras Mission\u00e1rias na Espanha, Col\u00f4mbia, Bol\u00edvia, Chile, Argentina e Uruguai. Participam do [&hellip;]<\/p>\n","protected":false},"author":1,"featured_media":20627,"comment_status":"open","ping_status":"open","sticky":false,"template":"","format":"standard","meta":{"footnotes":""},"categories":[4],"tags":[],"class_list":["post-20628","post","type-post","status-publish","format-standard","has-post-thumbnail","hentry","category-cotidiano"],"_links":{"self":[{"href":"https:\/\/catolicanet.net\/wp-cnet\/wp-json\/wp\/v2\/posts\/20628","targetHints":{"allow":["GET"]}}],"collection":[{"href":"https:\/\/catolicanet.net\/wp-cnet\/wp-json\/wp\/v2\/posts"}],"about":[{"href":"https:\/\/catolicanet.net\/wp-cnet\/wp-json\/wp\/v2\/types\/post"}],"author":[{"embeddable":true,"href":"https:\/\/catolicanet.net\/wp-cnet\/wp-json\/wp\/v2\/users\/1"}],"replies":[{"embeddable":true,"href":"https:\/\/catolicanet.net\/wp-cnet\/wp-json\/wp\/v2\/comments?post=20628"}],"version-history":[{"count":1,"href":"https:\/\/catolicanet.net\/wp-cnet\/wp-json\/wp\/v2\/posts\/20628\/revisions"}],"predecessor-version":[{"id":24734,"href":"https:\/\/catolicanet.net\/wp-cnet\/wp-json\/wp\/v2\/posts\/20628\/revisions\/24734"}],"wp:featuredmedia":[{"embeddable":true,"href":"https:\/\/catolicanet.net\/wp-cnet\/wp-json\/wp\/v2\/media\/20627"}],"wp:attachment":[{"href":"https:\/\/catolicanet.net\/wp-cnet\/wp-json\/wp\/v2\/media?parent=20628"}],"wp:term":[{"taxonomy":"category","embeddable":true,"href":"https:\/\/catolicanet.net\/wp-cnet\/wp-json\/wp\/v2\/categories?post=20628"},{"taxonomy":"post_tag","embeddable":true,"href":"https:\/\/catolicanet.net\/wp-cnet\/wp-json\/wp\/v2\/tags?post=20628"}],"curies":[{"name":"wp","href":"https:\/\/api.w.org\/{rel}","templated":true}]}}