{"id":20618,"date":"2017-02-16T13:29:07","date_gmt":"2017-02-16T15:29:07","guid":{"rendered":"http:\/\/catolicanet.net\/wp-cnet\/2017\/02\/16\/dia-da-mulher-sera-comemorado-no-vaticano\/"},"modified":"2017-06-02T10:15:40","modified_gmt":"2017-06-02T13:15:40","slug":"dia-da-mulher-sera-comemorado-no-vaticano","status":"publish","type":"post","link":"https:\/\/catolicanet.net\/wp-cnet\/dia-da-mulher-sera-comemorado-no-vaticano\/","title":{"rendered":"Dia da Mulher ser\u00e1 comemorado no Vaticano"},"content":{"rendered":"<p style=\"text-align: justify;\"><img decoding=\"async\" src=\"http:\/\/www.catolicanet.com.br\/images\/stories\/noticias\/rv3809_articolo.jpg\" border=\"0\" align=\"left\" \/>Cidade do Vaticano (RV) \u2013 O Dia Internacional da Mulher ser\u00e1 comemorado tamb\u00e9m no Vaticano. No dia 8 de mar\u00e7o, ter\u00e1 lugar na Casina Pio IV, nos jardins vaticanos, mais uma edi\u00e7\u00e3o de \u201cVozes de F\u00e9\u201d.<\/p>\n<p>Trata-se de um evento promovido pela Funda\u00e7\u00e3o Fidel G\u00f6tz, que organiza para esta ocasi\u00e3o uma tarde de m\u00fasica e de testemunhos oferecidos por mulheres que lutam pela paz e o desenvolvimento. A edi\u00e7\u00e3o de 2017 \u00e9 intitulada \u201cMisturando as \u00e1guas. Fazendo o Imposs\u00edvel, Poss\u00edvel\u201d.<\/p>\n<p>A abertura ser\u00e1 feita pelo Prep\u00f3sito-Geral da Companhia de Jesus, Pe. Arturo Sosa. A primeira parte ser\u00e1 composta por testemunhos de mulheres promotoras de paz, com o t\u00edtulo \u201cO que o amor pode fazer\u201d.<\/p>\n<p>A segunda parte ser\u00e1 dedicada \u201c\u00e0s vozes de f\u00e9 de todo o mundo\u201d. O continente latino-americano ser\u00e1 representado por Paula Moreno, colombiana, fundadora e presidente de \u201cManos Visibles\u201d.<\/p>\n<p>O encerramento ser\u00e1 feito pelo jesu\u00edta Pe. Thomas H. Smolich, diretor do Servi\u00e7o Jesu\u00edta para Refugiados.<\/p>\n<p>O evento poder\u00e1 <a href=\"http:\/\/voicesoffaith.org\/event\/\">visto<\/a> ao vivo a partir das 15h (CET).<\/p>\n<p style=\"text-align: justify;\">\u00a0<\/p>\n<p style=\"text-align: justify;\"><a href=\"https:\/\/www.youtube.com\/watch?v=dOvO83K2P-s\">Clique aqui para assistir o v\u00eddeo:<\/a><\/p>\n<p style=\"text-align: justify;\">\u00a0<\/p>\n<p style=\"text-align: justify;\">Fonte: R\u00e1dio Vaticano<\/p>\n","protected":false},"excerpt":{"rendered":"<p>Cidade do Vaticano (RV) \u2013 O Dia Internacional da Mulher ser\u00e1 comemorado tamb\u00e9m no Vaticano. No dia 8 de mar\u00e7o, ter\u00e1 lugar na Casina Pio IV, nos jardins vaticanos, mais uma edi\u00e7\u00e3o de \u201cVozes de F\u00e9\u201d. Trata-se de um evento promovido pela Funda\u00e7\u00e3o Fidel G\u00f6tz, que organiza para esta ocasi\u00e3o uma tarde de m\u00fasica e [&hellip;]<\/p>\n","protected":false},"author":1,"featured_media":20617,"comment_status":"open","ping_status":"open","sticky":false,"template":"","format":"standard","meta":{"footnotes":""},"categories":[3],"tags":[],"class_list":["post-20618","post","type-post","status-publish","format-standard","has-post-thumbnail","hentry","category-vaticano"],"_links":{"self":[{"href":"https:\/\/catolicanet.net\/wp-cnet\/wp-json\/wp\/v2\/posts\/20618","targetHints":{"allow":["GET"]}}],"collection":[{"href":"https:\/\/catolicanet.net\/wp-cnet\/wp-json\/wp\/v2\/posts"}],"about":[{"href":"https:\/\/catolicanet.net\/wp-cnet\/wp-json\/wp\/v2\/types\/post"}],"author":[{"embeddable":true,"href":"https:\/\/catolicanet.net\/wp-cnet\/wp-json\/wp\/v2\/users\/1"}],"replies":[{"embeddable":true,"href":"https:\/\/catolicanet.net\/wp-cnet\/wp-json\/wp\/v2\/comments?post=20618"}],"version-history":[{"count":1,"href":"https:\/\/catolicanet.net\/wp-cnet\/wp-json\/wp\/v2\/posts\/20618\/revisions"}],"predecessor-version":[{"id":27150,"href":"https:\/\/catolicanet.net\/wp-cnet\/wp-json\/wp\/v2\/posts\/20618\/revisions\/27150"}],"wp:featuredmedia":[{"embeddable":true,"href":"https:\/\/catolicanet.net\/wp-cnet\/wp-json\/wp\/v2\/media\/20617"}],"wp:attachment":[{"href":"https:\/\/catolicanet.net\/wp-cnet\/wp-json\/wp\/v2\/media?parent=20618"}],"wp:term":[{"taxonomy":"category","embeddable":true,"href":"https:\/\/catolicanet.net\/wp-cnet\/wp-json\/wp\/v2\/categories?post=20618"},{"taxonomy":"post_tag","embeddable":true,"href":"https:\/\/catolicanet.net\/wp-cnet\/wp-json\/wp\/v2\/tags?post=20618"}],"curies":[{"name":"wp","href":"https:\/\/api.w.org\/{rel}","templated":true}]}}